{"id":1264,"date":"2017-12-21T16:25:35","date_gmt":"2017-12-21T16:25:35","guid":{"rendered":"https:\/\/www.lamejorbatidora.com\/recetas\/?p=1264"},"modified":"2019-11-20T11:49:15","modified_gmt":"2019-11-20T11:49:15","slug":"aderezo-de-invierno-especias","status":"publish","type":"post","link":"https:\/\/www.vitamixespana.com\/recetas\/alinos\/aderezo-de-invierno-especias\/","title":{"rendered":"Especias de invierno"},"content":{"rendered":"<figure id=\"attachment_1265\" aria-describedby=\"caption-attachment-1265\" style=\"width: 900px\" class=\"wp-caption alignnone\"><img decoding=\"async\" class=\"wp-image-1265 size-full\" title=\"Especias de invierno\" src=\"https:\/\/www.vitamixespana.com\/recetas\/wp-content\/uploads\/2017\/12\/aderezo-de-invierno.jpg\" alt=\"Especias de invierno\" width=\"900\" height=\"600\" srcset=\"https:\/\/www.vitamixespana.com\/recetas\/wp-content\/uploads\/2017\/12\/aderezo-de-invierno.jpg 900w, https:\/\/www.vitamixespana.com\/recetas\/wp-content\/uploads\/2017\/12\/aderezo-de-invierno-300x200.jpg 300w, https:\/\/www.vitamixespana.com\/recetas\/wp-content\/uploads\/2017\/12\/aderezo-de-invierno-768x512.jpg 768w, https:\/\/www.vitamixespana.com\/recetas\/wp-content\/uploads\/2017\/12\/aderezo-de-invierno-272x182.jpg 272w\" sizes=\"(max-width: 900px) 100vw, 900px\" \/><figcaption id=\"caption-attachment-1265\" class=\"wp-caption-text\">Especias para acompa\u00f1ar a tus platos este invierno.<\/figcaption><\/figure>\n<h2>Especias\u00a0de invierno para acompa\u00f1ar a tus platos<\/h2>\n<p>Vers\u00e1til mezcla de especias de invierno que te har\u00e1 sentir calidez en estos d\u00edas de fr\u00edo. Este aderezo de invierno potenciar\u00e1 el sabor de tus recetas.<\/p>\n<div class=\"easyrecipe\" data-rating=\"0\"> \t<link itemprop=\"image\" href=\"https:\/\/www.vitamixespana.com\/recetas\/wp-content\/uploads\/2017\/12\/aderezo-de-invierno.jpg\" \/>\n<div class=\"item ERName\">Especias de invierno<\/div>\n<div class=\"ERClear\"><\/div>\n<div class=\"ERHead\"><span class=\"xlate\">Recipe Type<\/span>: <span class=\"type\">Aderezos<\/span><\/div>\n<div class=\"ERHead\">Author: <span class=\"author\">Vitamix<\/span><\/div>\n<div class=\"ERHead\">Prep time: <time itemprop=\"prepTime\" datetime=\"PT5M\">5 mins<\/time><\/div>\n<div class=\"ERHead\">Total time: <time itemprop=\"totalTime\" datetime=\"PT5M\">5 mins<\/time><\/div>\n<div class=\"ERIngredients\">\n<div class=\"ERIngredientsHeader\">Ingredients<\/div>\n<ul class=\"ingredients\">\n<li class=\"ingredient\">3 ramas de canela<\/li>\n<li class=\"ingredient\">2 cdas. de jengibre molido<\/li>\n<li class=\"ingredient\">\u00be cdita. de cardamomo molido<\/li>\n<li class=\"ingredient\">3 cdas. de sal<\/li>\n<li class=\"ingredient\">1 cda. de granos de pimienta rosa<\/li>\n<li class=\"ingredient\">1\u00bd cdita. de clavo<\/li>\n<li class=\"ingredient\">50 g. de c\u00e1scara de naranja<\/li>\n<li class=\"ingredient\">110 g. de az\u00facar morena<\/li>\n<\/ul>\n<\/div>\n<div class=\"ERInstructions\">\n<div class=\"ERInstructionsHeader\">Instructions<\/div>\n<div class=\"instructions\">\n<ol>\n<li class=\"instruction\">Colocar todos los ingredientes en la jarra de Vitamix en el orden indicado y cerrar la tapa.<\/li>\n<li class=\"instruction\">Seleccione velocidad 1.<\/li>\n<li class=\"instruction\">Arrancar la m\u00e1quina, aumentar lentamente la velocidad hasta llevar a la m\u00e1xima.<\/li>\n<li class=\"instruction\">Batir durante 30 segundos o hasta alcanzar la consistencia deseada, usar la barra presionadora para empujar los ingredientes hacia las cuchillas, si fuese necesario.<\/li>\n<\/ol>\n<\/div>\n<\/div>\n<div class=\"ERNutrition\"><\/div>\n<div>\n<div class=\"ERNotesHeader\">Notes<\/div>\n<div class=\"ERNotes\">Sustituir los granos de pimienta rosa en la mezcla si no se encuentra.<\/div>\n<\/div>\n<div class=\"endeasyrecipe\" style=\"display: none;\">3.3.3077<\/div>\n<\/div>\n<p>&nbsp;<\/p>\n<p>&nbsp;<\/p>\n","protected":false},"excerpt":{"rendered":"<p>Especias\u00a0de invierno para acompa\u00f1ar a tus platos Vers\u00e1til mezcla de especias de invierno que te har\u00e1 sentir calidez en estos d\u00edas de fr\u00edo. Este aderezo de invierno potenciar\u00e1 el sabor de tus recetas. Especias de invierno Recipe Type: Aderezos Author: Vitamix Prep time: 5 mins Total time: 5 mins Ingredients 3 ramas de canela 2 [&hellip;]<\/p>\n","protected":false},"author":5,"featured_media":1265,"comment_status":"open","ping_status":"open","sticky":false,"template":"","format":"standard","meta":{"footnotes":""},"categories":[15,1],"tags":[133,134,135],"class_list":["post-1264","post","type-post","status-publish","format-standard","has-post-thumbnail","hentry","category-alinos","category-sin-categorizar","tag-aderezo","tag-especias","tag-invierno","course-aderezos"],"yoast_head":"<!-- This site is optimized with the Yoast SEO plugin v26.1 - https:\/\/yoast.com\/wordpress\/plugins\/seo\/ -->\n<title>Especias de invierno con especias para acompa\u00f1ar a tus platos<\/title>\n<meta name=\"description\" content=\"Especias de invierno; vers\u00e1til mezcla de especias que te har\u00e1 sentir calidez en estos d\u00edas de fr\u00edo, \u00a1potenciar\u00e1 el sabor de tus recetas!\" \/>\n<meta name=\"robots\" content=\"index, follow, max-snippet:-1, max-image-preview:large, max-video-preview:-1\" \/>\n<link rel=\"canonical\" href=\"https:\/\/www.vitamixespana.com\/recetas\/alinos\/aderezo-de-invierno-especias\/\" \/>\n<meta property=\"og:locale\" content=\"es_ES\" \/>\n<meta property=\"og:type\" content=\"article\" \/>\n<meta property=\"og:title\" content=\"Especias de invierno con especias para acompa\u00f1ar a tus platos\" \/>\n<meta property=\"og:description\" content=\"Especias de invierno; vers\u00e1til mezcla de especias que te har\u00e1 sentir calidez en estos d\u00edas de fr\u00edo, \u00a1potenciar\u00e1 el sabor de tus recetas!\" \/>\n<meta property=\"og:url\" content=\"https:\/\/www.vitamixespana.com\/recetas\/alinos\/aderezo-de-invierno-especias\/\" \/>\n<meta property=\"og:site_name\" content=\"Recetas Vitamix\" \/>\n<meta property=\"article:published_time\" content=\"2017-12-21T16:25:35+00:00\" \/>\n<meta property=\"article:modified_time\" content=\"2019-11-20T11:49:15+00:00\" \/>\n<meta property=\"og:image\" content=\"https:\/\/www.vitamixespana.com\/recetas\/wp-content\/uploads\/2017\/12\/aderezo-de-invierno.jpg\" \/>\n\t<meta property=\"og:image:width\" content=\"900\" \/>\n\t<meta property=\"og:image:height\" content=\"600\" \/>\n\t<meta property=\"og:image:type\" content=\"image\/jpeg\" \/>\n<meta name=\"author\" content=\"Vitamix\" \/>\n<meta name=\"twitter:card\" content=\"summary_large_image\" \/>\n<meta name=\"twitter:label1\" content=\"Escrito por\" \/>\n\t<meta name=\"twitter:data1\" content=\"Vitamix\" \/>\n\t<meta name=\"twitter:label2\" content=\"Tiempo de lectura\" \/>\n\t<meta name=\"twitter:data2\" content=\"1 minuto\" \/>\n<script type=\"application\/ld+json\" class=\"yoast-schema-graph\">{\"@context\":\"https:\/\/schema.org\",\"@graph\":[{\"@type\":\"WebPage\",\"@id\":\"https:\/\/www.vitamixespana.com\/recetas\/alinos\/aderezo-de-invierno-especias\/\",\"url\":\"https:\/\/www.vitamixespana.com\/recetas\/alinos\/aderezo-de-invierno-especias\/\",\"name\":\"Especias de invierno con especias para acompa\u00f1ar a tus platos\",\"isPartOf\":{\"@id\":\"https:\/\/www.vitamixespana.com\/recetas\/#website\"},\"primaryImageOfPage\":{\"@id\":\"https:\/\/www.vitamixespana.com\/recetas\/alinos\/aderezo-de-invierno-especias\/#primaryimage\"},\"image\":{\"@id\":\"https:\/\/www.vitamixespana.com\/recetas\/alinos\/aderezo-de-invierno-especias\/#primaryimage\"},\"thumbnailUrl\":\"https:\/\/www.vitamixespana.com\/recetas\/wp-content\/uploads\/2017\/12\/aderezo-de-invierno.jpg\",\"datePublished\":\"2017-12-21T16:25:35+00:00\",\"dateModified\":\"2019-11-20T11:49:15+00:00\",\"author\":{\"@id\":\"https:\/\/www.vitamixespana.com\/recetas\/#\/schema\/person\/9d8af3bac991b88daf19dcf3de3ee640\"},\"description\":\"Especias de invierno; vers\u00e1til mezcla de especias que te har\u00e1 sentir calidez en estos d\u00edas de fr\u00edo, \u00a1potenciar\u00e1 el sabor de tus recetas!\",\"breadcrumb\":{\"@id\":\"https:\/\/www.vitamixespana.com\/recetas\/alinos\/aderezo-de-invierno-especias\/#breadcrumb\"},\"inLanguage\":\"es\",\"potentialAction\":[{\"@type\":\"ReadAction\",\"target\":[\"https:\/\/www.vitamixespana.com\/recetas\/alinos\/aderezo-de-invierno-especias\/\"]}]},{\"@type\":\"ImageObject\",\"inLanguage\":\"es\",\"@id\":\"https:\/\/www.vitamixespana.com\/recetas\/alinos\/aderezo-de-invierno-especias\/#primaryimage\",\"url\":\"https:\/\/www.vitamixespana.com\/recetas\/wp-content\/uploads\/2017\/12\/aderezo-de-invierno.jpg\",\"contentUrl\":\"https:\/\/www.vitamixespana.com\/recetas\/wp-content\/uploads\/2017\/12\/aderezo-de-invierno.jpg\",\"width\":900,\"height\":600,\"caption\":\"Especias para acompa\u00f1ar a tus platos este invierno.\"},{\"@type\":\"BreadcrumbList\",\"@id\":\"https:\/\/www.vitamixespana.com\/recetas\/alinos\/aderezo-de-invierno-especias\/#breadcrumb\",\"itemListElement\":[{\"@type\":\"ListItem\",\"position\":1,\"name\":\"Inicio\",\"item\":\"https:\/\/www.vitamixespana.com\/\"},{\"@type\":\"ListItem\",\"position\":2,\"name\":\"Recetas\",\"item\":\"https:\/\/www.vitamixespana.com\/recetas\/\"},{\"@type\":\"ListItem\",\"position\":3,\"name\":\"Ali\u00f1os con Vitamix\",\"item\":\"https:\/\/www.vitamixespana.com\/recetas\/alinos\/\"},{\"@type\":\"ListItem\",\"position\":4,\"name\":\"Especias de invierno\"}]},{\"@type\":\"WebSite\",\"@id\":\"https:\/\/www.vitamixespana.com\/recetas\/#website\",\"url\":\"https:\/\/www.vitamixespana.com\/recetas\/\",\"name\":\"Recetas Vitamix\",\"description\":\"Recetas realizadas con Vitamix, la mejor batidora.\",\"potentialAction\":[{\"@type\":\"SearchAction\",\"target\":{\"@type\":\"EntryPoint\",\"urlTemplate\":\"https:\/\/www.vitamixespana.com\/recetas\/?s={search_term_string}\"},\"query-input\":{\"@type\":\"PropertyValueSpecification\",\"valueRequired\":true,\"valueName\":\"search_term_string\"}}],\"inLanguage\":\"es\"},{\"@type\":\"Person\",\"@id\":\"https:\/\/www.vitamixespana.com\/recetas\/#\/schema\/person\/9d8af3bac991b88daf19dcf3de3ee640\",\"name\":\"Vitamix\",\"image\":{\"@type\":\"ImageObject\",\"inLanguage\":\"es\",\"@id\":\"https:\/\/www.vitamixespana.com\/recetas\/#\/schema\/person\/image\/\",\"url\":\"https:\/\/secure.gravatar.com\/avatar\/544d3ac2e667f33d9f9ba512916125d2aa55c01a5d27c5f9d7ae94c56eb6cea7?s=96&d=mm&r=g\",\"contentUrl\":\"https:\/\/secure.gravatar.com\/avatar\/544d3ac2e667f33d9f9ba512916125d2aa55c01a5d27c5f9d7ae94c56eb6cea7?s=96&d=mm&r=g\",\"caption\":\"Vitamix\"}}]}<\/script>\n<!-- \/ Yoast SEO plugin. -->","yoast_head_json":{"title":"Especias de invierno con especias para acompa\u00f1ar a tus platos","description":"Especias de invierno; vers\u00e1til mezcla de especias que te har\u00e1 sentir calidez en estos d\u00edas de fr\u00edo, \u00a1potenciar\u00e1 el sabor de tus recetas!","robots":{"index":"index","follow":"follow","max-snippet":"max-snippet:-1","max-image-preview":"max-image-preview:large","max-video-preview":"max-video-preview:-1"},"canonical":"https:\/\/www.vitamixespana.com\/recetas\/alinos\/aderezo-de-invierno-especias\/","og_locale":"es_ES","og_type":"article","og_title":"Especias de invierno con especias para acompa\u00f1ar a tus platos","og_description":"Especias de invierno; vers\u00e1til mezcla de especias que te har\u00e1 sentir calidez en estos d\u00edas de fr\u00edo, \u00a1potenciar\u00e1 el sabor de tus recetas!","og_url":"https:\/\/www.vitamixespana.com\/recetas\/alinos\/aderezo-de-invierno-especias\/","og_site_name":"Recetas Vitamix","article_published_time":"2017-12-21T16:25:35+00:00","article_modified_time":"2019-11-20T11:49:15+00:00","og_image":[{"width":900,"height":600,"url":"https:\/\/www.vitamixespana.com\/recetas\/wp-content\/uploads\/2017\/12\/aderezo-de-invierno.jpg","type":"image\/jpeg"}],"author":"Vitamix","twitter_card":"summary_large_image","twitter_misc":{"Escrito por":"Vitamix","Tiempo de lectura":"1 minuto"},"schema":{"@context":"https:\/\/schema.org","@graph":[{"@type":"WebPage","@id":"https:\/\/www.vitamixespana.com\/recetas\/alinos\/aderezo-de-invierno-especias\/","url":"https:\/\/www.vitamixespana.com\/recetas\/alinos\/aderezo-de-invierno-especias\/","name":"Especias de invierno con especias para acompa\u00f1ar a tus platos","isPartOf":{"@id":"https:\/\/www.vitamixespana.com\/recetas\/#website"},"primaryImageOfPage":{"@id":"https:\/\/www.vitamixespana.com\/recetas\/alinos\/aderezo-de-invierno-especias\/#primaryimage"},"image":{"@id":"https:\/\/www.vitamixespana.com\/recetas\/alinos\/aderezo-de-invierno-especias\/#primaryimage"},"thumbnailUrl":"https:\/\/www.vitamixespana.com\/recetas\/wp-content\/uploads\/2017\/12\/aderezo-de-invierno.jpg","datePublished":"2017-12-21T16:25:35+00:00","dateModified":"2019-11-20T11:49:15+00:00","author":{"@id":"https:\/\/www.vitamixespana.com\/recetas\/#\/schema\/person\/9d8af3bac991b88daf19dcf3de3ee640"},"description":"Especias de invierno; vers\u00e1til mezcla de especias que te har\u00e1 sentir calidez en estos d\u00edas de fr\u00edo, \u00a1potenciar\u00e1 el sabor de tus recetas!","breadcrumb":{"@id":"https:\/\/www.vitamixespana.com\/recetas\/alinos\/aderezo-de-invierno-especias\/#breadcrumb"},"inLanguage":"es","potentialAction":[{"@type":"ReadAction","target":["https:\/\/www.vitamixespana.com\/recetas\/alinos\/aderezo-de-invierno-especias\/"]}]},{"@type":"ImageObject","inLanguage":"es","@id":"https:\/\/www.vitamixespana.com\/recetas\/alinos\/aderezo-de-invierno-especias\/#primaryimage","url":"https:\/\/www.vitamixespana.com\/recetas\/wp-content\/uploads\/2017\/12\/aderezo-de-invierno.jpg","contentUrl":"https:\/\/www.vitamixespana.com\/recetas\/wp-content\/uploads\/2017\/12\/aderezo-de-invierno.jpg","width":900,"height":600,"caption":"Especias para acompa\u00f1ar a tus platos este invierno."},{"@type":"BreadcrumbList","@id":"https:\/\/www.vitamixespana.com\/recetas\/alinos\/aderezo-de-invierno-especias\/#breadcrumb","itemListElement":[{"@type":"ListItem","position":1,"name":"Inicio","item":"https:\/\/www.vitamixespana.com\/"},{"@type":"ListItem","position":2,"name":"Recetas","item":"https:\/\/www.vitamixespana.com\/recetas\/"},{"@type":"ListItem","position":3,"name":"Ali\u00f1os con Vitamix","item":"https:\/\/www.vitamixespana.com\/recetas\/alinos\/"},{"@type":"ListItem","position":4,"name":"Especias de invierno"}]},{"@type":"WebSite","@id":"https:\/\/www.vitamixespana.com\/recetas\/#website","url":"https:\/\/www.vitamixespana.com\/recetas\/","name":"Recetas Vitamix","description":"Recetas realizadas con Vitamix, la mejor batidora.","potentialAction":[{"@type":"SearchAction","target":{"@type":"EntryPoint","urlTemplate":"https:\/\/www.vitamixespana.com\/recetas\/?s={search_term_string}"},"query-input":{"@type":"PropertyValueSpecification","valueRequired":true,"valueName":"search_term_string"}}],"inLanguage":"es"},{"@type":"Person","@id":"https:\/\/www.vitamixespana.com\/recetas\/#\/schema\/person\/9d8af3bac991b88daf19dcf3de3ee640","name":"Vitamix","image":{"@type":"ImageObject","inLanguage":"es","@id":"https:\/\/www.vitamixespana.com\/recetas\/#\/schema\/person\/image\/","url":"https:\/\/secure.gravatar.com\/avatar\/544d3ac2e667f33d9f9ba512916125d2aa55c01a5d27c5f9d7ae94c56eb6cea7?s=96&d=mm&r=g","contentUrl":"https:\/\/secure.gravatar.com\/avatar\/544d3ac2e667f33d9f9ba512916125d2aa55c01a5d27c5f9d7ae94c56eb6cea7?s=96&d=mm&r=g","caption":"Vitamix"}}]}},"_links":{"self":[{"href":"https:\/\/www.vitamixespana.com\/recetas\/wp-json\/wp\/v2\/posts\/1264","targetHints":{"allow":["GET"]}}],"collection":[{"href":"https:\/\/www.vitamixespana.com\/recetas\/wp-json\/wp\/v2\/posts"}],"about":[{"href":"https:\/\/www.vitamixespana.com\/recetas\/wp-json\/wp\/v2\/types\/post"}],"author":[{"embeddable":true,"href":"https:\/\/www.vitamixespana.com\/recetas\/wp-json\/wp\/v2\/users\/5"}],"replies":[{"embeddable":true,"href":"https:\/\/www.vitamixespana.com\/recetas\/wp-json\/wp\/v2\/comments?post=1264"}],"version-history":[{"count":6,"href":"https:\/\/www.vitamixespana.com\/recetas\/wp-json\/wp\/v2\/posts\/1264\/revisions"}],"predecessor-version":[{"id":3045,"href":"https:\/\/www.vitamixespana.com\/recetas\/wp-json\/wp\/v2\/posts\/1264\/revisions\/3045"}],"wp:featuredmedia":[{"embeddable":true,"href":"https:\/\/www.vitamixespana.com\/recetas\/wp-json\/wp\/v2\/media\/1265"}],"wp:attachment":[{"href":"https:\/\/www.vitamixespana.com\/recetas\/wp-json\/wp\/v2\/media?parent=1264"}],"wp:term":[{"taxonomy":"category","embeddable":true,"href":"https:\/\/www.vitamixespana.com\/recetas\/wp-json\/wp\/v2\/categories?post=1264"},{"taxonomy":"post_tag","embeddable":true,"href":"https:\/\/www.vitamixespana.com\/recetas\/wp-json\/wp\/v2\/tags?post=1264"}],"curies":[{"name":"wp","href":"https:\/\/api.w.org\/{rel}","templated":true}]}}