{"id":1815,"date":"2018-07-30T14:15:03","date_gmt":"2018-07-30T14:15:03","guid":{"rendered":"https:\/\/www.lamejorbatidora.com\/recetas\/?p=1815"},"modified":"2018-08-09T13:52:33","modified_gmt":"2018-08-09T13:52:33","slug":"coliflor-horno-alino-perejil-limon","status":"publish","type":"post","link":"https:\/\/www.vitamixespana.com\/recetas\/alinos\/coliflor-horno-alino-perejil-limon\/","title":{"rendered":"Coliflor al horno con ali\u00f1o de perejil y lim\u00f3n"},"content":{"rendered":"<figure id=\"attachment_1816\" aria-describedby=\"caption-attachment-1816\" style=\"width: 900px\" class=\"wp-caption alignnone\"><img decoding=\"async\" class=\"wp-image-1816 size-full\" title=\"Coliflor al horno con ali\u00f1o de perejil y lim\u00f3n hecho con Vitamix\" src=\"https:\/\/www.vitamixespana.com\/recetas\/wp-content\/uploads\/2018\/07\/Coliflor-al-horno-con-ali\u00f1o-de-lim\u00f3n-y-perejil.jpg\" alt=\"Coliflor al horno con ali\u00f1o de perejil y lim\u00f3n hecho con Vitamix\" width=\"900\" height=\"600\" srcset=\"https:\/\/www.vitamixespana.com\/recetas\/wp-content\/uploads\/2018\/07\/Coliflor-al-horno-con-ali\u00f1o-de-lim\u00f3n-y-perejil.jpg 900w, https:\/\/www.vitamixespana.com\/recetas\/wp-content\/uploads\/2018\/07\/Coliflor-al-horno-con-ali\u00f1o-de-lim\u00f3n-y-perejil-300x200.jpg 300w, https:\/\/www.vitamixespana.com\/recetas\/wp-content\/uploads\/2018\/07\/Coliflor-al-horno-con-ali\u00f1o-de-lim\u00f3n-y-perejil-768x512.jpg 768w, https:\/\/www.vitamixespana.com\/recetas\/wp-content\/uploads\/2018\/07\/Coliflor-al-horno-con-ali\u00f1o-de-lim\u00f3n-y-perejil-272x182.jpg 272w\" sizes=\"(max-width: 900px) 100vw, 900px\" \/><figcaption id=\"caption-attachment-1816\" class=\"wp-caption-text\">Coliflor al horno con ali\u00f1o de perejil y lim\u00f3n hecho con Vitamix<\/figcaption><\/figure>\n<h2>Coliflor con ali\u00f1o para paladares exigentes<\/h2>\n<p>Que la coliflor no es la verdura de buen agrado para muchos no es un secreto. Esta verdura blanca en forma de arbolito, tiene un sabor y textura peculiar que si se prepara bien con diferentes texturas y sabores, convencer\u00e1 a los paladares m\u00e1s exigentes y a eso vamos \u00a1coliflor para\u00a0 todos!<\/p>\n<p>La coliflor puedes prepararla directamente en el horno con un poco de aceite de oliva virgen extra, pimienta y sal para que quede crujiente o hacerla antes al vapor o cocida quedando m\u00e1s blandita.<\/p>\n<p>En cualquier caso, el toque final se lo aporta el <strong>ali\u00f1o de perejil y lim\u00f3n<\/strong>, que con un poquito de cada ingrediente, Vitamix potencia los sabores aderezando de una manera armoniosa la coliflor \u00a1deliciosa!<\/p>\n<p>Puedes acompa\u00f1ar la coliflor con una <a href=\"https:\/\/www.vitamixespana.com\/recetas\/bebidas\/limonada\/\">limonada natural<\/a> o con un <a href=\"https:\/\/www.vitamixespana.com\/recetas\/smoothies\/zumo-citricos-zanahoria\/\">zumo de c\u00edtrico y zanahoria<\/a> para que ya sea una velada llena de sabores.<\/p>\n<div class=\"easyrecipe\" data-rating=\"0\">\n<div class=\"item ERName\">Coliflor al horno con ali\u00f1o de perejil y lim\u00f3n<\/div>\n<div class=\"ERClear\"><\/div>\n<div class=\"ERHead\">Author: <span class=\"author\">Vitamix<\/span><\/div>\n<div class=\"ERHead\">Prep time: <time itemprop=\"prepTime\" datetime=\"PT10M\">10 mins<\/time><\/div>\n<div class=\"ERHead\">Cook time: <time itemprop=\"cookTime\" datetime=\"PT30M\">30 mins<\/time><\/div>\n<div class=\"ERHead\">Total time: <time itemprop=\"totalTime\" datetime=\"PT40M\">40 mins<\/time><\/div>\n<div class=\"ERIngredients\">\n<div class=\"ERIngredientsHeader\">Ingredients<\/div>\n<ul class=\"ingredients\">\n<li class=\"ingredient\">1,4 kg de coliflor<\/li>\n<li class=\"ingredient\">120 ml (1\/2 taza) de aceite de oliva virgen extra<\/li>\n<li class=\"ingredient\">40 g (2 tazas) de perejil<\/li>\n<li class=\"ingredient\">1 cucharadita de c\u00e1scara de lim\u00f3n<\/li>\n<li class=\"ingredient\">60 ml (1\/4 taza) de zumo de lim\u00f3n<\/li>\n<li class=\"ingredient\">Sal y pimienta al gusto<\/li>\n<\/ul>\n<\/div>\n<div class=\"ERInstructions\">\n<div class=\"ERInstructionsHeader\">Instructions<\/div>\n<div class=\"instructions\">\n<ol>\n<li class=\"instruction\">Precalentar el horno a 220 \u00baC.<\/li>\n<li class=\"instruction\">Colocar las flores de coliflor en una bandeja de horno y echar 4 cucharadas de aceite de oliva. Introducir en el horno de 25-30 minutos.<\/li>\n<li class=\"instruction\">Introducir en la jarra de Vitamix en el siguiente orden: el aceite de oliva sobrante, el perejil, la c\u00e1scara de lim\u00f3n y el zumo de lim\u00f3n, cerrar bien la tapa.<\/li>\n<li class=\"instruction\">Seleccionar velocidad 8.<\/li>\n<li class=\"instruction\">Encender la m\u00e1quina y utilizar el bot\u00f3n Pulso de 6 a 8 veces.<\/li>\n<li class=\"instruction\">Colocar la coliflor en la bandeja apra servir y verter el ali\u00f1o elaborado con Vitamix.<\/li>\n<\/ol>\n<\/div>\n<\/div>\n<div class=\"ERNutrition\"><\/div>\n<div class=\"endeasyrecipe\" style=\"display: none;\">3.3.3077<\/div>\n<\/div>\n<p>&nbsp;<\/p>\n","protected":false},"excerpt":{"rendered":"<p>Coliflor con ali\u00f1o para paladares exigentes Que la coliflor no es la verdura de buen agrado para muchos no es un secreto. Esta verdura blanca en forma de arbolito, tiene un sabor y textura peculiar que si se prepara bien con diferentes texturas y sabores, convencer\u00e1 a los paladares m\u00e1s exigentes y a eso vamos [&hellip;]<\/p>\n","protected":false},"author":5,"featured_media":1816,"comment_status":"open","ping_status":"open","sticky":false,"template":"","format":"standard","meta":{"footnotes":""},"categories":[15,1],"tags":[218,217,219],"class_list":["post-1815","post","type-post","status-publish","format-standard","has-post-thumbnail","hentry","category-alinos","category-sin-categorizar","tag-coliflor-al-horno","tag-coliflor-asada","tag-salsa-de-perejil-y-limon"],"yoast_head":"<!-- This site is optimized with the Yoast SEO plugin v26.1 - https:\/\/yoast.com\/wordpress\/plugins\/seo\/ -->\n<title>Prepara un delicioso ali\u00f1o de perejil y lim\u00f3n para acompa\u00f1ar la coliflor<\/title>\n<meta name=\"description\" content=\"Asar la coliflor y preparar un ali\u00f1o perfecto de perejil y lim\u00f3n. As\u00ed conseguir\u00e1s que aquel que diga que no le gusta esta verdura se chupe los dedos.\" \/>\n<meta name=\"robots\" content=\"index, follow, max-snippet:-1, max-image-preview:large, max-video-preview:-1\" \/>\n<link rel=\"canonical\" href=\"https:\/\/www.vitamixespana.com\/recetas\/alinos\/coliflor-horno-alino-perejil-limon\/\" \/>\n<meta property=\"og:locale\" content=\"es_ES\" \/>\n<meta property=\"og:type\" content=\"article\" \/>\n<meta property=\"og:title\" content=\"Prepara un delicioso ali\u00f1o de perejil y lim\u00f3n para acompa\u00f1ar la coliflor\" \/>\n<meta property=\"og:description\" content=\"Asar la coliflor y preparar un ali\u00f1o perfecto de perejil y lim\u00f3n. As\u00ed conseguir\u00e1s que aquel que diga que no le gusta esta verdura se chupe los dedos.\" \/>\n<meta property=\"og:url\" content=\"https:\/\/www.vitamixespana.com\/recetas\/alinos\/coliflor-horno-alino-perejil-limon\/\" \/>\n<meta property=\"og:site_name\" content=\"Recetas Vitamix\" \/>\n<meta property=\"article:published_time\" content=\"2018-07-30T14:15:03+00:00\" \/>\n<meta property=\"article:modified_time\" content=\"2018-08-09T13:52:33+00:00\" \/>\n<meta property=\"og:image\" content=\"https:\/\/www.vitamixespana.com\/recetas\/wp-content\/uploads\/2018\/07\/Coliflor-al-horno-con-ali\u00f1o-de-lim\u00f3n-y-perejil.jpg\" \/>\n\t<meta property=\"og:image:width\" content=\"900\" \/>\n\t<meta property=\"og:image:height\" content=\"600\" \/>\n\t<meta property=\"og:image:type\" content=\"image\/jpeg\" \/>\n<meta name=\"author\" content=\"Vitamix\" \/>\n<meta name=\"twitter:card\" content=\"summary_large_image\" \/>\n<meta name=\"twitter:label1\" content=\"Escrito por\" \/>\n\t<meta name=\"twitter:data1\" content=\"Vitamix\" \/>\n\t<meta name=\"twitter:label2\" content=\"Tiempo de lectura\" \/>\n\t<meta name=\"twitter:data2\" content=\"2 minutos\" \/>\n<script type=\"application\/ld+json\" class=\"yoast-schema-graph\">{\"@context\":\"https:\/\/schema.org\",\"@graph\":[{\"@type\":\"WebPage\",\"@id\":\"https:\/\/www.vitamixespana.com\/recetas\/alinos\/coliflor-horno-alino-perejil-limon\/\",\"url\":\"https:\/\/www.vitamixespana.com\/recetas\/alinos\/coliflor-horno-alino-perejil-limon\/\",\"name\":\"Prepara un delicioso ali\u00f1o de perejil y lim\u00f3n para acompa\u00f1ar la coliflor\",\"isPartOf\":{\"@id\":\"https:\/\/www.vitamixespana.com\/recetas\/#website\"},\"primaryImageOfPage\":{\"@id\":\"https:\/\/www.vitamixespana.com\/recetas\/alinos\/coliflor-horno-alino-perejil-limon\/#primaryimage\"},\"image\":{\"@id\":\"https:\/\/www.vitamixespana.com\/recetas\/alinos\/coliflor-horno-alino-perejil-limon\/#primaryimage\"},\"thumbnailUrl\":\"https:\/\/www.vitamixespana.com\/recetas\/wp-content\/uploads\/2018\/07\/Coliflor-al-horno-con-ali\u00f1o-de-lim\u00f3n-y-perejil.jpg\",\"datePublished\":\"2018-07-30T14:15:03+00:00\",\"dateModified\":\"2018-08-09T13:52:33+00:00\",\"author\":{\"@id\":\"https:\/\/www.vitamixespana.com\/recetas\/#\/schema\/person\/9d8af3bac991b88daf19dcf3de3ee640\"},\"description\":\"Asar la coliflor y preparar un ali\u00f1o perfecto de perejil y lim\u00f3n. As\u00ed conseguir\u00e1s que aquel que diga que no le gusta esta verdura se chupe los dedos.\",\"breadcrumb\":{\"@id\":\"https:\/\/www.vitamixespana.com\/recetas\/alinos\/coliflor-horno-alino-perejil-limon\/#breadcrumb\"},\"inLanguage\":\"es\",\"potentialAction\":[{\"@type\":\"ReadAction\",\"target\":[\"https:\/\/www.vitamixespana.com\/recetas\/alinos\/coliflor-horno-alino-perejil-limon\/\"]}]},{\"@type\":\"ImageObject\",\"inLanguage\":\"es\",\"@id\":\"https:\/\/www.vitamixespana.com\/recetas\/alinos\/coliflor-horno-alino-perejil-limon\/#primaryimage\",\"url\":\"https:\/\/www.vitamixespana.com\/recetas\/wp-content\/uploads\/2018\/07\/Coliflor-al-horno-con-ali\u00f1o-de-lim\u00f3n-y-perejil.jpg\",\"contentUrl\":\"https:\/\/www.vitamixespana.com\/recetas\/wp-content\/uploads\/2018\/07\/Coliflor-al-horno-con-ali\u00f1o-de-lim\u00f3n-y-perejil.jpg\",\"width\":900,\"height\":600},{\"@type\":\"BreadcrumbList\",\"@id\":\"https:\/\/www.vitamixespana.com\/recetas\/alinos\/coliflor-horno-alino-perejil-limon\/#breadcrumb\",\"itemListElement\":[{\"@type\":\"ListItem\",\"position\":1,\"name\":\"Inicio\",\"item\":\"https:\/\/www.vitamixespana.com\/\"},{\"@type\":\"ListItem\",\"position\":2,\"name\":\"Recetas\",\"item\":\"https:\/\/www.vitamixespana.com\/recetas\/\"},{\"@type\":\"ListItem\",\"position\":3,\"name\":\"Ali\u00f1os con Vitamix\",\"item\":\"https:\/\/www.vitamixespana.com\/recetas\/alinos\/\"},{\"@type\":\"ListItem\",\"position\":4,\"name\":\"Coliflor al horno con ali\u00f1o de perejil y lim\u00f3n\"}]},{\"@type\":\"WebSite\",\"@id\":\"https:\/\/www.vitamixespana.com\/recetas\/#website\",\"url\":\"https:\/\/www.vitamixespana.com\/recetas\/\",\"name\":\"Recetas Vitamix\",\"description\":\"Recetas realizadas con Vitamix, la mejor batidora.\",\"potentialAction\":[{\"@type\":\"SearchAction\",\"target\":{\"@type\":\"EntryPoint\",\"urlTemplate\":\"https:\/\/www.vitamixespana.com\/recetas\/?s={search_term_string}\"},\"query-input\":{\"@type\":\"PropertyValueSpecification\",\"valueRequired\":true,\"valueName\":\"search_term_string\"}}],\"inLanguage\":\"es\"},{\"@type\":\"Person\",\"@id\":\"https:\/\/www.vitamixespana.com\/recetas\/#\/schema\/person\/9d8af3bac991b88daf19dcf3de3ee640\",\"name\":\"Vitamix\",\"image\":{\"@type\":\"ImageObject\",\"inLanguage\":\"es\",\"@id\":\"https:\/\/www.vitamixespana.com\/recetas\/#\/schema\/person\/image\/\",\"url\":\"https:\/\/secure.gravatar.com\/avatar\/544d3ac2e667f33d9f9ba512916125d2aa55c01a5d27c5f9d7ae94c56eb6cea7?s=96&d=mm&r=g\",\"contentUrl\":\"https:\/\/secure.gravatar.com\/avatar\/544d3ac2e667f33d9f9ba512916125d2aa55c01a5d27c5f9d7ae94c56eb6cea7?s=96&d=mm&r=g\",\"caption\":\"Vitamix\"}}]}<\/script>\n<!-- \/ Yoast SEO plugin. -->","yoast_head_json":{"title":"Prepara un delicioso ali\u00f1o de perejil y lim\u00f3n para acompa\u00f1ar la coliflor","description":"Asar la coliflor y preparar un ali\u00f1o perfecto de perejil y lim\u00f3n. As\u00ed conseguir\u00e1s que aquel que diga que no le gusta esta verdura se chupe los dedos.","robots":{"index":"index","follow":"follow","max-snippet":"max-snippet:-1","max-image-preview":"max-image-preview:large","max-video-preview":"max-video-preview:-1"},"canonical":"https:\/\/www.vitamixespana.com\/recetas\/alinos\/coliflor-horno-alino-perejil-limon\/","og_locale":"es_ES","og_type":"article","og_title":"Prepara un delicioso ali\u00f1o de perejil y lim\u00f3n para acompa\u00f1ar la coliflor","og_description":"Asar la coliflor y preparar un ali\u00f1o perfecto de perejil y lim\u00f3n. As\u00ed conseguir\u00e1s que aquel que diga que no le gusta esta verdura se chupe los dedos.","og_url":"https:\/\/www.vitamixespana.com\/recetas\/alinos\/coliflor-horno-alino-perejil-limon\/","og_site_name":"Recetas Vitamix","article_published_time":"2018-07-30T14:15:03+00:00","article_modified_time":"2018-08-09T13:52:33+00:00","og_image":[{"width":900,"height":600,"url":"https:\/\/www.vitamixespana.com\/recetas\/wp-content\/uploads\/2018\/07\/Coliflor-al-horno-con-ali\u00f1o-de-lim\u00f3n-y-perejil.jpg","type":"image\/jpeg"}],"author":"Vitamix","twitter_card":"summary_large_image","twitter_misc":{"Escrito por":"Vitamix","Tiempo de lectura":"2 minutos"},"schema":{"@context":"https:\/\/schema.org","@graph":[{"@type":"WebPage","@id":"https:\/\/www.vitamixespana.com\/recetas\/alinos\/coliflor-horno-alino-perejil-limon\/","url":"https:\/\/www.vitamixespana.com\/recetas\/alinos\/coliflor-horno-alino-perejil-limon\/","name":"Prepara un delicioso ali\u00f1o de perejil y lim\u00f3n para acompa\u00f1ar la coliflor","isPartOf":{"@id":"https:\/\/www.vitamixespana.com\/recetas\/#website"},"primaryImageOfPage":{"@id":"https:\/\/www.vitamixespana.com\/recetas\/alinos\/coliflor-horno-alino-perejil-limon\/#primaryimage"},"image":{"@id":"https:\/\/www.vitamixespana.com\/recetas\/alinos\/coliflor-horno-alino-perejil-limon\/#primaryimage"},"thumbnailUrl":"https:\/\/www.vitamixespana.com\/recetas\/wp-content\/uploads\/2018\/07\/Coliflor-al-horno-con-ali\u00f1o-de-lim\u00f3n-y-perejil.jpg","datePublished":"2018-07-30T14:15:03+00:00","dateModified":"2018-08-09T13:52:33+00:00","author":{"@id":"https:\/\/www.vitamixespana.com\/recetas\/#\/schema\/person\/9d8af3bac991b88daf19dcf3de3ee640"},"description":"Asar la coliflor y preparar un ali\u00f1o perfecto de perejil y lim\u00f3n. As\u00ed conseguir\u00e1s que aquel que diga que no le gusta esta verdura se chupe los dedos.","breadcrumb":{"@id":"https:\/\/www.vitamixespana.com\/recetas\/alinos\/coliflor-horno-alino-perejil-limon\/#breadcrumb"},"inLanguage":"es","potentialAction":[{"@type":"ReadAction","target":["https:\/\/www.vitamixespana.com\/recetas\/alinos\/coliflor-horno-alino-perejil-limon\/"]}]},{"@type":"ImageObject","inLanguage":"es","@id":"https:\/\/www.vitamixespana.com\/recetas\/alinos\/coliflor-horno-alino-perejil-limon\/#primaryimage","url":"https:\/\/www.vitamixespana.com\/recetas\/wp-content\/uploads\/2018\/07\/Coliflor-al-horno-con-ali\u00f1o-de-lim\u00f3n-y-perejil.jpg","contentUrl":"https:\/\/www.vitamixespana.com\/recetas\/wp-content\/uploads\/2018\/07\/Coliflor-al-horno-con-ali\u00f1o-de-lim\u00f3n-y-perejil.jpg","width":900,"height":600},{"@type":"BreadcrumbList","@id":"https:\/\/www.vitamixespana.com\/recetas\/alinos\/coliflor-horno-alino-perejil-limon\/#breadcrumb","itemListElement":[{"@type":"ListItem","position":1,"name":"Inicio","item":"https:\/\/www.vitamixespana.com\/"},{"@type":"ListItem","position":2,"name":"Recetas","item":"https:\/\/www.vitamixespana.com\/recetas\/"},{"@type":"ListItem","position":3,"name":"Ali\u00f1os con Vitamix","item":"https:\/\/www.vitamixespana.com\/recetas\/alinos\/"},{"@type":"ListItem","position":4,"name":"Coliflor al horno con ali\u00f1o de perejil y lim\u00f3n"}]},{"@type":"WebSite","@id":"https:\/\/www.vitamixespana.com\/recetas\/#website","url":"https:\/\/www.vitamixespana.com\/recetas\/","name":"Recetas Vitamix","description":"Recetas realizadas con Vitamix, la mejor batidora.","potentialAction":[{"@type":"SearchAction","target":{"@type":"EntryPoint","urlTemplate":"https:\/\/www.vitamixespana.com\/recetas\/?s={search_term_string}"},"query-input":{"@type":"PropertyValueSpecification","valueRequired":true,"valueName":"search_term_string"}}],"inLanguage":"es"},{"@type":"Person","@id":"https:\/\/www.vitamixespana.com\/recetas\/#\/schema\/person\/9d8af3bac991b88daf19dcf3de3ee640","name":"Vitamix","image":{"@type":"ImageObject","inLanguage":"es","@id":"https:\/\/www.vitamixespana.com\/recetas\/#\/schema\/person\/image\/","url":"https:\/\/secure.gravatar.com\/avatar\/544d3ac2e667f33d9f9ba512916125d2aa55c01a5d27c5f9d7ae94c56eb6cea7?s=96&d=mm&r=g","contentUrl":"https:\/\/secure.gravatar.com\/avatar\/544d3ac2e667f33d9f9ba512916125d2aa55c01a5d27c5f9d7ae94c56eb6cea7?s=96&d=mm&r=g","caption":"Vitamix"}}]}},"_links":{"self":[{"href":"https:\/\/www.vitamixespana.com\/recetas\/wp-json\/wp\/v2\/posts\/1815","targetHints":{"allow":["GET"]}}],"collection":[{"href":"https:\/\/www.vitamixespana.com\/recetas\/wp-json\/wp\/v2\/posts"}],"about":[{"href":"https:\/\/www.vitamixespana.com\/recetas\/wp-json\/wp\/v2\/types\/post"}],"author":[{"embeddable":true,"href":"https:\/\/www.vitamixespana.com\/recetas\/wp-json\/wp\/v2\/users\/5"}],"replies":[{"embeddable":true,"href":"https:\/\/www.vitamixespana.com\/recetas\/wp-json\/wp\/v2\/comments?post=1815"}],"version-history":[{"count":4,"href":"https:\/\/www.vitamixespana.com\/recetas\/wp-json\/wp\/v2\/posts\/1815\/revisions"}],"predecessor-version":[{"id":1823,"href":"https:\/\/www.vitamixespana.com\/recetas\/wp-json\/wp\/v2\/posts\/1815\/revisions\/1823"}],"wp:featuredmedia":[{"embeddable":true,"href":"https:\/\/www.vitamixespana.com\/recetas\/wp-json\/wp\/v2\/media\/1816"}],"wp:attachment":[{"href":"https:\/\/www.vitamixespana.com\/recetas\/wp-json\/wp\/v2\/media?parent=1815"}],"wp:term":[{"taxonomy":"category","embeddable":true,"href":"https:\/\/www.vitamixespana.com\/recetas\/wp-json\/wp\/v2\/categories?post=1815"},{"taxonomy":"post_tag","embeddable":true,"href":"https:\/\/www.vitamixespana.com\/recetas\/wp-json\/wp\/v2\/tags?post=1815"}],"curies":[{"name":"wp","href":"https:\/\/api.w.org\/{rel}","templated":true}]}}