{"id":2121,"date":"2018-11-16T15:14:40","date_gmt":"2018-11-16T15:14:40","guid":{"rendered":"https:\/\/www.lamejorbatidora.com\/recetas\/?p=2121"},"modified":"2019-12-05T11:22:16","modified_gmt":"2019-12-05T11:22:16","slug":"jamon-glaseado-tomillo-miel","status":"publish","type":"post","link":"https:\/\/www.vitamixespana.com\/recetas\/platos-principales\/jamon-glaseado-tomillo-miel\/","title":{"rendered":"Jam\u00f3n glaseado con tomillo y miel"},"content":{"rendered":"<figure id=\"attachment_2122\" aria-describedby=\"caption-attachment-2122\" style=\"width: 900px\" class=\"wp-caption alignnone\"><img decoding=\"async\" class=\"wp-image-2122 size-full\" title=\"Tabla de madera con jam\u00f3n glaseado rodajas de pi\u00f1a y tenedor para trinchar\" src=\"https:\/\/www.vitamixespana.com\/recetas\/wp-content\/uploads\/2018\/11\/jam\u00f3n-a-la-miel-y-tomillo.jpg\" alt=\"Tabla de madera con jam\u00f3n glaseado rodajas de pi\u00f1a y tenedor para trinchar\" width=\"900\" height=\"600\" srcset=\"https:\/\/www.vitamixespana.com\/recetas\/wp-content\/uploads\/2018\/11\/jam\u00f3n-a-la-miel-y-tomillo.jpg 900w, https:\/\/www.vitamixespana.com\/recetas\/wp-content\/uploads\/2018\/11\/jam\u00f3n-a-la-miel-y-tomillo-300x200.jpg 300w, https:\/\/www.vitamixespana.com\/recetas\/wp-content\/uploads\/2018\/11\/jam\u00f3n-a-la-miel-y-tomillo-768x512.jpg 768w, https:\/\/www.vitamixespana.com\/recetas\/wp-content\/uploads\/2018\/11\/jam\u00f3n-a-la-miel-y-tomillo-272x182.jpg 272w\" sizes=\"(max-width: 900px) 100vw, 900px\" \/><figcaption id=\"caption-attachment-2122\" class=\"wp-caption-text\">Jam\u00f3n glaseado con miel, tomillo y salsa inglesa.<\/figcaption><\/figure>\n<h2>Segundo plato del men\u00fa de Navidad Vitamix: jam\u00f3n glaseado con\u00a0tomillo y miel<\/h2>\n<p>Como segundo plato de nuestro men\u00fa navide\u00f1o, Vitamix nos ofrece jam\u00f3n glaseado\u00a0con ali\u00f1o de tomillo y miel \u00a1que se deshace en boca!. La clave del glaseado la encontramos en tres ingredientes: el romero fresco, el tipo y calidad de la miel y por \u00faltimo, en la salsa inglesa.<\/p>\n<p>Te animamos a preparar el men\u00fa completo de Navidad con Vitamix:<\/p>\n<ul>\n<li>Aperitivo:\u00a0<a href=\"https:\/\/www.vitamixespana.com\/recetas\/aperitivos\/huevos-rosas-rellenos\/\">Huevos rosas rellenos<\/a>.<\/li>\n<li>Entrante:\u00a0<a href=\"https:\/\/www.vitamixespana.com\/recetas\/menu-de-navidad\/cazuela-queso-chirivia-kale\/\">Cazuela de queso, chiriv\u00eda y kale<\/a>.<\/li>\n<li>Primer plato:\u00a0<a href=\"https:\/\/www.vitamixespana.com\/recetas\/sopas_cremas\/chilpachole-sopa-mexicana-cangrejo\/\">Chilpachole, sopa mexicana con cangrejo y chochoyotas<\/a>.<\/li>\n<li>Segundo plato:\u00a0Jam\u00f3n glaseado con tomillo y miel.<\/li>\n<li>C\u00f3ctel:\u00a0<a href=\"https:\/\/www.vitamixespana.com\/recetas\/bebidas\/coctel-limoncello\/\">Limoncello<\/a>.<\/li>\n<li>Postre: <a href=\"https:\/\/www.vitamixespana.com\/recetas\/menu-de-navidad\/pudin-chocolate\/\">Pudin de chocolate<\/a>.<\/li>\n<\/ul>\n<div class=\"easyrecipe\" data-rating=\"0\"> \t<link itemprop=\"image\" href=\"https:\/\/www.vitamixespana.com\/recetas\/wp-content\/uploads\/2018\/11\/jam%C3%B3n-a-la-miel-y-tomillo.jpg\" \/>\n<div class=\"item ERName\">Jam\u00f3n glaseado con tomillo y miel<\/div>\n<div class=\"ERClear\"><\/div>\n<div class=\"ERHead\">Author: <span class=\"author\">Vitamix<\/span><\/div>\n<div class=\"ERHead\">Prep time: <time itemprop=\"prepTime\" datetime=\"PT4M\">4 mins<\/time><\/div>\n<div class=\"ERHead\">Cook time: <time itemprop=\"cookTime\" datetime=\"PT1M\">1 min<\/time><\/div>\n<div class=\"ERHead\">Total time: <time itemprop=\"totalTime\" datetime=\"PT5M\">5 mins<\/time><\/div>\n<div class=\"ERIngredients\">\n<div class=\"ERIngredientsHeader\">Ingredients<\/div>\n<ul class=\"ingredients\">\n<li class=\"ingredient\">45 g (3 cucharadas) de mantequilla sin sal a temperatura ambiente<\/li>\n<li class=\"ingredient\">2 cucharadas de romero fresco<\/li>\n<li class=\"ingredient\">60 ml (\u00bc taza) vinagre de manzana<\/li>\n<li class=\"ingredient\">120 ml (\u00bd taza) de miel<\/li>\n<li class=\"ingredient\">1 cucharadita de salsa Worcestershire<\/li>\n<\/ul>\n<\/div>\n<div class=\"ERInstructions\">\n<div class=\"ERInstructionsHeader\">Instructions<\/div>\n<div class=\"instructions\">\n<ol>\n<li class=\"instruction\">Introducir tdos los ingredientes en la jarra de itamix en el orden indicado y cerrar bien la tapa.<\/li>\n<li class=\"instruction\">Seleccionar velocidad 1.<\/li>\n<li class=\"instruction\">Encender la m\u00e1quina y aumentar progresivamente hasta m\u00e1xima potencia.<\/li>\n<li class=\"instruction\">Triturar durante 20 segundos.<\/li>\n<\/ol>\n<\/div>\n<\/div>\n<div class=\"ERNutrition\"><\/div>\n<div class=\"endeasyrecipe\" style=\"display: none;\">3.3.3077<\/div>\n<\/div>\n<p>&nbsp;<\/p>\n<p>&nbsp;<\/p>\n","protected":false},"excerpt":{"rendered":"<p>Segundo plato del men\u00fa de Navidad Vitamix: jam\u00f3n glaseado con\u00a0tomillo y miel Como segundo plato de nuestro men\u00fa navide\u00f1o, Vitamix nos ofrece jam\u00f3n glaseado\u00a0con ali\u00f1o de tomillo y miel \u00a1que se deshace en boca!. La clave del glaseado la encontramos en tres ingredientes: el romero fresco, el tipo y calidad de la miel y por [&hellip;]<\/p>\n","protected":false},"author":5,"featured_media":2122,"comment_status":"open","ping_status":"open","sticky":false,"template":"","format":"standard","meta":{"footnotes":""},"categories":[271,177,1],"tags":[257],"class_list":["post-2121","post","type-post","status-publish","format-standard","has-post-thumbnail","hentry","category-menu-de-navidad","category-platos-principales","category-sin-categorizar","tag-jamon-glaseado-con-alino-de-tomillo-y-miel"],"yoast_head":"<!-- This site is optimized with the Yoast SEO plugin v26.1 - https:\/\/yoast.com\/wordpress\/plugins\/seo\/ -->\n<title>Receta de jam\u00f3n glaseado con ali\u00f1o de tomillo y miel - Men\u00fa Navidad Vitamix<\/title>\n<meta name=\"description\" content=\"Segundo plato del men\u00fa de Naavidad Vitamix: Di adi\u00f3s al jam\u00f3n glaseado con ali\u00f1o campestre de miel, tomillo y salsa inglesa.\" \/>\n<meta name=\"robots\" content=\"index, follow, max-snippet:-1, max-image-preview:large, max-video-preview:-1\" \/>\n<link rel=\"canonical\" href=\"https:\/\/www.vitamixespana.com\/recetas\/platos-principales\/jamon-glaseado-tomillo-miel\/\" \/>\n<meta property=\"og:locale\" content=\"es_ES\" \/>\n<meta property=\"og:type\" content=\"article\" \/>\n<meta property=\"og:title\" content=\"Receta de jam\u00f3n glaseado con ali\u00f1o de tomillo y miel - Men\u00fa Navidad Vitamix\" \/>\n<meta property=\"og:description\" content=\"Segundo plato del men\u00fa de Naavidad Vitamix: Di adi\u00f3s al jam\u00f3n glaseado con ali\u00f1o campestre de miel, tomillo y salsa inglesa.\" \/>\n<meta property=\"og:url\" content=\"https:\/\/www.vitamixespana.com\/recetas\/platos-principales\/jamon-glaseado-tomillo-miel\/\" \/>\n<meta property=\"og:site_name\" content=\"Recetas Vitamix\" \/>\n<meta property=\"article:published_time\" content=\"2018-11-16T15:14:40+00:00\" \/>\n<meta property=\"article:modified_time\" content=\"2019-12-05T11:22:16+00:00\" \/>\n<meta property=\"og:image\" content=\"https:\/\/www.vitamixespana.com\/recetas\/wp-content\/uploads\/2018\/11\/jam\u00f3n-a-la-miel-y-tomillo.jpg\" \/>\n\t<meta property=\"og:image:width\" content=\"900\" \/>\n\t<meta property=\"og:image:height\" content=\"600\" \/>\n\t<meta property=\"og:image:type\" content=\"image\/jpeg\" \/>\n<meta name=\"author\" content=\"Vitamix\" \/>\n<meta name=\"twitter:card\" content=\"summary_large_image\" \/>\n<meta name=\"twitter:label1\" content=\"Escrito por\" \/>\n\t<meta name=\"twitter:data1\" content=\"Vitamix\" \/>\n\t<meta name=\"twitter:label2\" content=\"Tiempo de lectura\" \/>\n\t<meta name=\"twitter:data2\" content=\"1 minuto\" \/>\n<script type=\"application\/ld+json\" class=\"yoast-schema-graph\">{\"@context\":\"https:\/\/schema.org\",\"@graph\":[{\"@type\":\"WebPage\",\"@id\":\"https:\/\/www.vitamixespana.com\/recetas\/platos-principales\/jamon-glaseado-tomillo-miel\/\",\"url\":\"https:\/\/www.vitamixespana.com\/recetas\/platos-principales\/jamon-glaseado-tomillo-miel\/\",\"name\":\"Receta de jam\u00f3n glaseado con ali\u00f1o de tomillo y miel - Men\u00fa Navidad Vitamix\",\"isPartOf\":{\"@id\":\"https:\/\/www.vitamixespana.com\/recetas\/#website\"},\"primaryImageOfPage\":{\"@id\":\"https:\/\/www.vitamixespana.com\/recetas\/platos-principales\/jamon-glaseado-tomillo-miel\/#primaryimage\"},\"image\":{\"@id\":\"https:\/\/www.vitamixespana.com\/recetas\/platos-principales\/jamon-glaseado-tomillo-miel\/#primaryimage\"},\"thumbnailUrl\":\"https:\/\/www.vitamixespana.com\/recetas\/wp-content\/uploads\/2018\/11\/jam\u00f3n-a-la-miel-y-tomillo.jpg\",\"datePublished\":\"2018-11-16T15:14:40+00:00\",\"dateModified\":\"2019-12-05T11:22:16+00:00\",\"author\":{\"@id\":\"https:\/\/www.vitamixespana.com\/recetas\/#\/schema\/person\/9d8af3bac991b88daf19dcf3de3ee640\"},\"description\":\"Segundo plato del men\u00fa de Naavidad Vitamix: Di adi\u00f3s al jam\u00f3n glaseado con ali\u00f1o campestre de miel, tomillo y salsa inglesa.\",\"breadcrumb\":{\"@id\":\"https:\/\/www.vitamixespana.com\/recetas\/platos-principales\/jamon-glaseado-tomillo-miel\/#breadcrumb\"},\"inLanguage\":\"es\",\"potentialAction\":[{\"@type\":\"ReadAction\",\"target\":[\"https:\/\/www.vitamixespana.com\/recetas\/platos-principales\/jamon-glaseado-tomillo-miel\/\"]}]},{\"@type\":\"ImageObject\",\"inLanguage\":\"es\",\"@id\":\"https:\/\/www.vitamixespana.com\/recetas\/platos-principales\/jamon-glaseado-tomillo-miel\/#primaryimage\",\"url\":\"https:\/\/www.vitamixespana.com\/recetas\/wp-content\/uploads\/2018\/11\/jam\u00f3n-a-la-miel-y-tomillo.jpg\",\"contentUrl\":\"https:\/\/www.vitamixespana.com\/recetas\/wp-content\/uploads\/2018\/11\/jam\u00f3n-a-la-miel-y-tomillo.jpg\",\"width\":900,\"height\":600},{\"@type\":\"BreadcrumbList\",\"@id\":\"https:\/\/www.vitamixespana.com\/recetas\/platos-principales\/jamon-glaseado-tomillo-miel\/#breadcrumb\",\"itemListElement\":[{\"@type\":\"ListItem\",\"position\":1,\"name\":\"Inicio\",\"item\":\"https:\/\/www.vitamixespana.com\/\"},{\"@type\":\"ListItem\",\"position\":2,\"name\":\"Recetas\",\"item\":\"https:\/\/www.vitamixespana.com\/recetas\/\"},{\"@type\":\"ListItem\",\"position\":3,\"name\":\"Platos principales con Vitamix\",\"item\":\"https:\/\/www.vitamixespana.com\/recetas\/platos-principales\/\"},{\"@type\":\"ListItem\",\"position\":4,\"name\":\"Jam\u00f3n glaseado con tomillo y miel\"}]},{\"@type\":\"WebSite\",\"@id\":\"https:\/\/www.vitamixespana.com\/recetas\/#website\",\"url\":\"https:\/\/www.vitamixespana.com\/recetas\/\",\"name\":\"Recetas Vitamix\",\"description\":\"Recetas realizadas con Vitamix, la mejor batidora.\",\"potentialAction\":[{\"@type\":\"SearchAction\",\"target\":{\"@type\":\"EntryPoint\",\"urlTemplate\":\"https:\/\/www.vitamixespana.com\/recetas\/?s={search_term_string}\"},\"query-input\":{\"@type\":\"PropertyValueSpecification\",\"valueRequired\":true,\"valueName\":\"search_term_string\"}}],\"inLanguage\":\"es\"},{\"@type\":\"Person\",\"@id\":\"https:\/\/www.vitamixespana.com\/recetas\/#\/schema\/person\/9d8af3bac991b88daf19dcf3de3ee640\",\"name\":\"Vitamix\",\"image\":{\"@type\":\"ImageObject\",\"inLanguage\":\"es\",\"@id\":\"https:\/\/www.vitamixespana.com\/recetas\/#\/schema\/person\/image\/\",\"url\":\"https:\/\/secure.gravatar.com\/avatar\/544d3ac2e667f33d9f9ba512916125d2aa55c01a5d27c5f9d7ae94c56eb6cea7?s=96&d=mm&r=g\",\"contentUrl\":\"https:\/\/secure.gravatar.com\/avatar\/544d3ac2e667f33d9f9ba512916125d2aa55c01a5d27c5f9d7ae94c56eb6cea7?s=96&d=mm&r=g\",\"caption\":\"Vitamix\"}}]}<\/script>\n<!-- \/ Yoast SEO plugin. -->","yoast_head_json":{"title":"Receta de jam\u00f3n glaseado con ali\u00f1o de tomillo y miel - Men\u00fa Navidad Vitamix","description":"Segundo plato del men\u00fa de Naavidad Vitamix: Di adi\u00f3s al jam\u00f3n glaseado con ali\u00f1o campestre de miel, tomillo y salsa inglesa.","robots":{"index":"index","follow":"follow","max-snippet":"max-snippet:-1","max-image-preview":"max-image-preview:large","max-video-preview":"max-video-preview:-1"},"canonical":"https:\/\/www.vitamixespana.com\/recetas\/platos-principales\/jamon-glaseado-tomillo-miel\/","og_locale":"es_ES","og_type":"article","og_title":"Receta de jam\u00f3n glaseado con ali\u00f1o de tomillo y miel - Men\u00fa Navidad Vitamix","og_description":"Segundo plato del men\u00fa de Naavidad Vitamix: Di adi\u00f3s al jam\u00f3n glaseado con ali\u00f1o campestre de miel, tomillo y salsa inglesa.","og_url":"https:\/\/www.vitamixespana.com\/recetas\/platos-principales\/jamon-glaseado-tomillo-miel\/","og_site_name":"Recetas Vitamix","article_published_time":"2018-11-16T15:14:40+00:00","article_modified_time":"2019-12-05T11:22:16+00:00","og_image":[{"width":900,"height":600,"url":"https:\/\/www.vitamixespana.com\/recetas\/wp-content\/uploads\/2018\/11\/jam\u00f3n-a-la-miel-y-tomillo.jpg","type":"image\/jpeg"}],"author":"Vitamix","twitter_card":"summary_large_image","twitter_misc":{"Escrito por":"Vitamix","Tiempo de lectura":"1 minuto"},"schema":{"@context":"https:\/\/schema.org","@graph":[{"@type":"WebPage","@id":"https:\/\/www.vitamixespana.com\/recetas\/platos-principales\/jamon-glaseado-tomillo-miel\/","url":"https:\/\/www.vitamixespana.com\/recetas\/platos-principales\/jamon-glaseado-tomillo-miel\/","name":"Receta de jam\u00f3n glaseado con ali\u00f1o de tomillo y miel - Men\u00fa Navidad Vitamix","isPartOf":{"@id":"https:\/\/www.vitamixespana.com\/recetas\/#website"},"primaryImageOfPage":{"@id":"https:\/\/www.vitamixespana.com\/recetas\/platos-principales\/jamon-glaseado-tomillo-miel\/#primaryimage"},"image":{"@id":"https:\/\/www.vitamixespana.com\/recetas\/platos-principales\/jamon-glaseado-tomillo-miel\/#primaryimage"},"thumbnailUrl":"https:\/\/www.vitamixespana.com\/recetas\/wp-content\/uploads\/2018\/11\/jam\u00f3n-a-la-miel-y-tomillo.jpg","datePublished":"2018-11-16T15:14:40+00:00","dateModified":"2019-12-05T11:22:16+00:00","author":{"@id":"https:\/\/www.vitamixespana.com\/recetas\/#\/schema\/person\/9d8af3bac991b88daf19dcf3de3ee640"},"description":"Segundo plato del men\u00fa de Naavidad Vitamix: Di adi\u00f3s al jam\u00f3n glaseado con ali\u00f1o campestre de miel, tomillo y salsa inglesa.","breadcrumb":{"@id":"https:\/\/www.vitamixespana.com\/recetas\/platos-principales\/jamon-glaseado-tomillo-miel\/#breadcrumb"},"inLanguage":"es","potentialAction":[{"@type":"ReadAction","target":["https:\/\/www.vitamixespana.com\/recetas\/platos-principales\/jamon-glaseado-tomillo-miel\/"]}]},{"@type":"ImageObject","inLanguage":"es","@id":"https:\/\/www.vitamixespana.com\/recetas\/platos-principales\/jamon-glaseado-tomillo-miel\/#primaryimage","url":"https:\/\/www.vitamixespana.com\/recetas\/wp-content\/uploads\/2018\/11\/jam\u00f3n-a-la-miel-y-tomillo.jpg","contentUrl":"https:\/\/www.vitamixespana.com\/recetas\/wp-content\/uploads\/2018\/11\/jam\u00f3n-a-la-miel-y-tomillo.jpg","width":900,"height":600},{"@type":"BreadcrumbList","@id":"https:\/\/www.vitamixespana.com\/recetas\/platos-principales\/jamon-glaseado-tomillo-miel\/#breadcrumb","itemListElement":[{"@type":"ListItem","position":1,"name":"Inicio","item":"https:\/\/www.vitamixespana.com\/"},{"@type":"ListItem","position":2,"name":"Recetas","item":"https:\/\/www.vitamixespana.com\/recetas\/"},{"@type":"ListItem","position":3,"name":"Platos principales con Vitamix","item":"https:\/\/www.vitamixespana.com\/recetas\/platos-principales\/"},{"@type":"ListItem","position":4,"name":"Jam\u00f3n glaseado con tomillo y miel"}]},{"@type":"WebSite","@id":"https:\/\/www.vitamixespana.com\/recetas\/#website","url":"https:\/\/www.vitamixespana.com\/recetas\/","name":"Recetas Vitamix","description":"Recetas realizadas con Vitamix, la mejor batidora.","potentialAction":[{"@type":"SearchAction","target":{"@type":"EntryPoint","urlTemplate":"https:\/\/www.vitamixespana.com\/recetas\/?s={search_term_string}"},"query-input":{"@type":"PropertyValueSpecification","valueRequired":true,"valueName":"search_term_string"}}],"inLanguage":"es"},{"@type":"Person","@id":"https:\/\/www.vitamixespana.com\/recetas\/#\/schema\/person\/9d8af3bac991b88daf19dcf3de3ee640","name":"Vitamix","image":{"@type":"ImageObject","inLanguage":"es","@id":"https:\/\/www.vitamixespana.com\/recetas\/#\/schema\/person\/image\/","url":"https:\/\/secure.gravatar.com\/avatar\/544d3ac2e667f33d9f9ba512916125d2aa55c01a5d27c5f9d7ae94c56eb6cea7?s=96&d=mm&r=g","contentUrl":"https:\/\/secure.gravatar.com\/avatar\/544d3ac2e667f33d9f9ba512916125d2aa55c01a5d27c5f9d7ae94c56eb6cea7?s=96&d=mm&r=g","caption":"Vitamix"}}]}},"_links":{"self":[{"href":"https:\/\/www.vitamixespana.com\/recetas\/wp-json\/wp\/v2\/posts\/2121","targetHints":{"allow":["GET"]}}],"collection":[{"href":"https:\/\/www.vitamixespana.com\/recetas\/wp-json\/wp\/v2\/posts"}],"about":[{"href":"https:\/\/www.vitamixespana.com\/recetas\/wp-json\/wp\/v2\/types\/post"}],"author":[{"embeddable":true,"href":"https:\/\/www.vitamixespana.com\/recetas\/wp-json\/wp\/v2\/users\/5"}],"replies":[{"embeddable":true,"href":"https:\/\/www.vitamixespana.com\/recetas\/wp-json\/wp\/v2\/comments?post=2121"}],"version-history":[{"count":9,"href":"https:\/\/www.vitamixespana.com\/recetas\/wp-json\/wp\/v2\/posts\/2121\/revisions"}],"predecessor-version":[{"id":3126,"href":"https:\/\/www.vitamixespana.com\/recetas\/wp-json\/wp\/v2\/posts\/2121\/revisions\/3126"}],"wp:featuredmedia":[{"embeddable":true,"href":"https:\/\/www.vitamixespana.com\/recetas\/wp-json\/wp\/v2\/media\/2122"}],"wp:attachment":[{"href":"https:\/\/www.vitamixespana.com\/recetas\/wp-json\/wp\/v2\/media?parent=2121"}],"wp:term":[{"taxonomy":"category","embeddable":true,"href":"https:\/\/www.vitamixespana.com\/recetas\/wp-json\/wp\/v2\/categories?post=2121"},{"taxonomy":"post_tag","embeddable":true,"href":"https:\/\/www.vitamixespana.com\/recetas\/wp-json\/wp\/v2\/tags?post=2121"}],"curies":[{"name":"wp","href":"https:\/\/api.w.org\/{rel}","templated":true}]}}