{"id":4963,"date":"2022-11-25T08:21:41","date_gmt":"2022-11-25T07:21:41","guid":{"rendered":"https:\/\/www.vitamixespana.com\/recetas\/?p=4963"},"modified":"2022-12-21T08:21:55","modified_gmt":"2022-12-21T07:21:55","slug":"mezcla-especias-navidenas","status":"publish","type":"post","link":"https:\/\/www.vitamixespana.com\/recetas\/alinos\/mezcla-especias-navidenas\/","title":{"rendered":"Mezcla de especias navide\u00f1as"},"content":{"rendered":"<figure id=\"attachment_4964\" aria-describedby=\"caption-attachment-4964\" style=\"width: 900px\" class=\"wp-caption alignnone\"><img decoding=\"async\" class=\"wp-image-4964 size-full\" title=\"ingredientes para la mezcla de especias navide\u00f1a\" src=\"https:\/\/www.vitamixespana.com\/recetas\/wp-content\/uploads\/2022\/11\/especias-navidenas-1.jpg\" alt=\"ingredientes para la mezcla de especias navide\u00f1a\" width=\"900\" height=\"600\" srcset=\"https:\/\/www.vitamixespana.com\/recetas\/wp-content\/uploads\/2022\/11\/especias-navidenas-1.jpg 900w, https:\/\/www.vitamixespana.com\/recetas\/wp-content\/uploads\/2022\/11\/especias-navidenas-1-300x200.jpg 300w, https:\/\/www.vitamixespana.com\/recetas\/wp-content\/uploads\/2022\/11\/especias-navidenas-1-768x512.jpg 768w, https:\/\/www.vitamixespana.com\/recetas\/wp-content\/uploads\/2022\/11\/especias-navidenas-1-272x182.jpg 272w\" sizes=\"(max-width: 900px) 100vw, 900px\" \/><figcaption id=\"caption-attachment-4964\" class=\"wp-caption-text\">Usando las especias en grano y con Vitamix, obtendremos una mezcla navide\u00f1a fina y arom\u00e1tica.<\/figcaption><\/figure>\n<h2>La mezcla de especias navide\u00f1as definitiva para tus recetas festivas<\/h2>\n<p><span data-contrast=\"auto\">Las especias dif\u00edciles de triturar son la especialidad de la batidora <a href=\"https:\/\/www.vitamixespana.com\/vitamix-serie-ascent\/1352-vitamix-ascent-3500i.html\">Vitamix<\/a>. All\u00ed d\u00f3nde \u00e9sta brilla: tomando ingredientes duros y convirti\u00e9ndolos en polvo. Esta <strong>mezcla de especias navide\u00f1as<\/strong> es muy vers\u00e1til. Se puede usar en recetas horneadas, espolvoreada encima de fruta o en combinaci\u00f3n con otros ingredientes dulces. Aunque, de hecho, una buena pizca en guisos de cazuela o en sopas y cremas es siempre bienvenida. \u00a0<\/span><span data-ccp-props=\"{}\">\u00a0<\/span><\/p>\n<p><span data-contrast=\"auto\">La mezcla de especias navide\u00f1as es, pues, nuestra receta heroica de las fiestas. Es una mezcla arom\u00e1tica, con tonos picantes y dulces; perfecta para aderezar recetas que a menudo asociamos con la Navidad: <\/span><\/p>\n<ul>\n<li><span data-contrast=\"auto\"><a href=\"https:\/\/www.vitamixespana.com\/recetas\/postres\/granola-manzana\/\">granola de manzana<\/a><\/span><\/li>\n<li><span data-contrast=\"auto\"><a href=\"https:\/\/www.vitamixespana.com\/recetas\/bebidas\/chocolate-caliente-navidad\/\">chocolate caliente navide\u00f1o<\/a><\/span><\/li>\n<li><a href=\"https:\/\/www.vitamixespana.com\/recetas\/smoothies\/batido-manzana-frambuesa\/\">smoothie de manzana y frambuesa<\/a><\/li>\n<li><a href=\"https:\/\/www.vitamixespana.com\/recetas\/panes-masas\/tortitas-veganas-navidenas\/\">tortitas veganas navide\u00f1as<\/a><\/li>\n<\/ul>\n<div class=\"easyrecipe mceNonEditable\" data-rating=\"0\"> \t<link itemprop=\"image\" href=\"https:\/\/www.vitamixespana.com\/recetas\/wp-content\/uploads\/2022\/11\/especias-navidenas-d.jpg\" \/>\n<div class=\"item ERName\">Receta de mezcla de especias navide\u00f1as<\/div>\n<div class=\"ERClear\"><\/div>\n<div class=\"ERHead\"><span class=\"xlate\">Recipe Type<\/span>: <span class=\"type\">Ali\u00f1os<\/span><\/div>\n<div class=\"ERHead\">Author: <span class=\"author\">Vitamix<\/span><\/div>\n<div class=\"ERHead\">Prep time: <time itemprop=\"prepTime\" datetime=\"PT9M\">9 mins<\/time><\/div>\n<div class=\"ERHead\">Cook time: <time itemprop=\"cookTime\" datetime=\"PT1M\">1 min<\/time><\/div>\n<div class=\"ERHead\">Total time: <time itemprop=\"totalTime\" datetime=\"PT10M\">10 mins<\/time><\/div>\n<div class=\"ERHead\">Serves: <span class=\"yield\">5<\/span><\/div>\n<div class=\"ERIngredients\">\n<div class=\"ERIngredientsHeader\">Ingredients<\/div>\n<ul class=\"ingredients\">\n<li class=\"ingredient\">2 cucharadas pimienta de Jamaica<\/li>\n<li class=\"ingredient\">2 ramas de canela, de unos 8 mm de grosor cada una<\/li>\n<li class=\"ingredient\">2 nueces moscadas, enteras<\/li>\n<li class=\"ingredient\">2 cucharaditas clavo<\/li>\n<li class=\"ingredient\">2 cucharaditas semillas de coriandro<\/li>\n<li class=\"ingredient\">2 cucharaditas jengibre confitado o seco<\/li>\n<\/ul>\n<\/div>\n<div class=\"ERInstructions\">\n<div class=\"ERInstructionsHeader\">Instructions<\/div>\n<div class=\"instructions\">\n<ol>\n<li class=\"instruction\">Introducir todos los ingredientes en el vaso de 225 ml de la batidora Vitamix en el orden indicado, colocar y cerrar bien la base de las cuchillas.<\/li>\n<li class=\"instruction\">Seleccionar velocidad 1 y aumentar progresivamente la velocidad hasta la m\u00e1xima potencia.<\/li>\n<li class=\"instruction\">Batir durante 15 segundos o hasta obtener la consistencia deseada.<\/li>\n<\/ol>\n<\/div>\n<\/div>\n<div class=\"ERNutrition\"><\/div>\n<div class=\"endeasyrecipe\" style=\"display: none;\">3.3.3077<\/div>\n<\/div>\n<p>&nbsp;<\/p>\n<p>&nbsp;<\/p>\n","protected":false},"excerpt":{"rendered":"<p>Prepara nuestra mezcla de especias navide\u00f1as y adereza as\u00ed tus recetas con un toque festivo, dulce y picante a la vez. \u00a1Dale el toque maestro a la temporada de fiestas!<\/p>\n","protected":false},"author":5,"featured_media":4965,"comment_status":"open","ping_status":"open","sticky":false,"template":"","format":"standard","meta":{"footnotes":""},"categories":[15,271,1],"tags":[],"class_list":["post-4963","post","type-post","status-publish","format-standard","has-post-thumbnail","hentry","category-alinos","category-menu-de-navidad","category-sin-categorizar","course-alinos"],"yoast_head":"<!-- This site is optimized with the Yoast SEO plugin v26.1 - https:\/\/yoast.com\/wordpress\/plugins\/seo\/ -->\n<title>Receta de mezcla de especias navide\u00f1as - Blog Vitamix<\/title>\n<meta name=\"description\" content=\"Prepara la mezcla de especias navide\u00f1as y adereza as\u00ed tus recetas con un toque festivo, dulce y picante a la vez. \u00a1El toque maestro en tus celebraciones!\" \/>\n<meta name=\"robots\" content=\"index, follow, max-snippet:-1, max-image-preview:large, max-video-preview:-1\" \/>\n<link rel=\"canonical\" href=\"https:\/\/www.vitamixespana.com\/recetas\/alinos\/mezcla-especias-navidenas\/\" \/>\n<meta property=\"og:locale\" content=\"es_ES\" \/>\n<meta property=\"og:type\" content=\"article\" \/>\n<meta property=\"og:title\" content=\"Receta de mezcla de especias navide\u00f1as - Blog Vitamix\" \/>\n<meta property=\"og:description\" content=\"Prepara la mezcla de especias navide\u00f1as y adereza as\u00ed tus recetas con un toque festivo, dulce y picante a la vez. \u00a1El toque maestro en tus celebraciones!\" \/>\n<meta property=\"og:url\" content=\"https:\/\/www.vitamixespana.com\/recetas\/alinos\/mezcla-especias-navidenas\/\" \/>\n<meta property=\"og:site_name\" content=\"Recetas Vitamix\" \/>\n<meta property=\"article:published_time\" content=\"2022-11-25T07:21:41+00:00\" \/>\n<meta property=\"article:modified_time\" content=\"2022-12-21T07:21:55+00:00\" \/>\n<meta property=\"og:image\" content=\"https:\/\/www.vitamixespana.com\/recetas\/wp-content\/uploads\/2022\/11\/especias-navidenas-d.jpg\" \/>\n\t<meta property=\"og:image:width\" content=\"1200\" \/>\n\t<meta property=\"og:image:height\" content=\"750\" \/>\n\t<meta property=\"og:image:type\" content=\"image\/jpeg\" \/>\n<meta name=\"author\" content=\"Vitamix\" \/>\n<meta name=\"twitter:card\" content=\"summary_large_image\" \/>\n<meta name=\"twitter:label1\" content=\"Escrito por\" \/>\n\t<meta name=\"twitter:data1\" content=\"Vitamix\" \/>\n\t<meta name=\"twitter:label2\" content=\"Tiempo de lectura\" \/>\n\t<meta name=\"twitter:data2\" content=\"1 minuto\" \/>\n<script type=\"application\/ld+json\" class=\"yoast-schema-graph\">{\"@context\":\"https:\/\/schema.org\",\"@graph\":[{\"@type\":\"WebPage\",\"@id\":\"https:\/\/www.vitamixespana.com\/recetas\/alinos\/mezcla-especias-navidenas\/\",\"url\":\"https:\/\/www.vitamixespana.com\/recetas\/alinos\/mezcla-especias-navidenas\/\",\"name\":\"Receta de mezcla de especias navide\u00f1as - Blog Vitamix\",\"isPartOf\":{\"@id\":\"https:\/\/www.vitamixespana.com\/recetas\/#website\"},\"primaryImageOfPage\":{\"@id\":\"https:\/\/www.vitamixespana.com\/recetas\/alinos\/mezcla-especias-navidenas\/#primaryimage\"},\"image\":{\"@id\":\"https:\/\/www.vitamixespana.com\/recetas\/alinos\/mezcla-especias-navidenas\/#primaryimage\"},\"thumbnailUrl\":\"https:\/\/www.vitamixespana.com\/recetas\/wp-content\/uploads\/2022\/11\/especias-navidenas-d.jpg\",\"datePublished\":\"2022-11-25T07:21:41+00:00\",\"dateModified\":\"2022-12-21T07:21:55+00:00\",\"author\":{\"@id\":\"https:\/\/www.vitamixespana.com\/recetas\/#\/schema\/person\/9d8af3bac991b88daf19dcf3de3ee640\"},\"description\":\"Prepara la mezcla de especias navide\u00f1as y adereza as\u00ed tus recetas con un toque festivo, dulce y picante a la vez. \u00a1El toque maestro en tus celebraciones!\",\"breadcrumb\":{\"@id\":\"https:\/\/www.vitamixespana.com\/recetas\/alinos\/mezcla-especias-navidenas\/#breadcrumb\"},\"inLanguage\":\"es\",\"potentialAction\":[{\"@type\":\"ReadAction\",\"target\":[\"https:\/\/www.vitamixespana.com\/recetas\/alinos\/mezcla-especias-navidenas\/\"]}]},{\"@type\":\"ImageObject\",\"inLanguage\":\"es\",\"@id\":\"https:\/\/www.vitamixespana.com\/recetas\/alinos\/mezcla-especias-navidenas\/#primaryimage\",\"url\":\"https:\/\/www.vitamixespana.com\/recetas\/wp-content\/uploads\/2022\/11\/especias-navidenas-d.jpg\",\"contentUrl\":\"https:\/\/www.vitamixespana.com\/recetas\/wp-content\/uploads\/2022\/11\/especias-navidenas-d.jpg\",\"width\":1200,\"height\":750},{\"@type\":\"BreadcrumbList\",\"@id\":\"https:\/\/www.vitamixespana.com\/recetas\/alinos\/mezcla-especias-navidenas\/#breadcrumb\",\"itemListElement\":[{\"@type\":\"ListItem\",\"position\":1,\"name\":\"Inicio\",\"item\":\"https:\/\/www.vitamixespana.com\/\"},{\"@type\":\"ListItem\",\"position\":2,\"name\":\"Recetas\",\"item\":\"https:\/\/www.vitamixespana.com\/recetas\/\"},{\"@type\":\"ListItem\",\"position\":3,\"name\":\"Ali\u00f1os con Vitamix\",\"item\":\"https:\/\/www.vitamixespana.com\/recetas\/alinos\/\"},{\"@type\":\"ListItem\",\"position\":4,\"name\":\"Mezcla de especias navide\u00f1as\"}]},{\"@type\":\"WebSite\",\"@id\":\"https:\/\/www.vitamixespana.com\/recetas\/#website\",\"url\":\"https:\/\/www.vitamixespana.com\/recetas\/\",\"name\":\"Recetas Vitamix\",\"description\":\"Recetas realizadas con Vitamix, la mejor batidora.\",\"potentialAction\":[{\"@type\":\"SearchAction\",\"target\":{\"@type\":\"EntryPoint\",\"urlTemplate\":\"https:\/\/www.vitamixespana.com\/recetas\/?s={search_term_string}\"},\"query-input\":{\"@type\":\"PropertyValueSpecification\",\"valueRequired\":true,\"valueName\":\"search_term_string\"}}],\"inLanguage\":\"es\"},{\"@type\":\"Person\",\"@id\":\"https:\/\/www.vitamixespana.com\/recetas\/#\/schema\/person\/9d8af3bac991b88daf19dcf3de3ee640\",\"name\":\"Vitamix\",\"image\":{\"@type\":\"ImageObject\",\"inLanguage\":\"es\",\"@id\":\"https:\/\/www.vitamixespana.com\/recetas\/#\/schema\/person\/image\/\",\"url\":\"https:\/\/secure.gravatar.com\/avatar\/544d3ac2e667f33d9f9ba512916125d2aa55c01a5d27c5f9d7ae94c56eb6cea7?s=96&d=mm&r=g\",\"contentUrl\":\"https:\/\/secure.gravatar.com\/avatar\/544d3ac2e667f33d9f9ba512916125d2aa55c01a5d27c5f9d7ae94c56eb6cea7?s=96&d=mm&r=g\",\"caption\":\"Vitamix\"}}]}<\/script>\n<!-- \/ Yoast SEO plugin. -->","yoast_head_json":{"title":"Receta de mezcla de especias navide\u00f1as - Blog Vitamix","description":"Prepara la mezcla de especias navide\u00f1as y adereza as\u00ed tus recetas con un toque festivo, dulce y picante a la vez. \u00a1El toque maestro en tus celebraciones!","robots":{"index":"index","follow":"follow","max-snippet":"max-snippet:-1","max-image-preview":"max-image-preview:large","max-video-preview":"max-video-preview:-1"},"canonical":"https:\/\/www.vitamixespana.com\/recetas\/alinos\/mezcla-especias-navidenas\/","og_locale":"es_ES","og_type":"article","og_title":"Receta de mezcla de especias navide\u00f1as - Blog Vitamix","og_description":"Prepara la mezcla de especias navide\u00f1as y adereza as\u00ed tus recetas con un toque festivo, dulce y picante a la vez. \u00a1El toque maestro en tus celebraciones!","og_url":"https:\/\/www.vitamixespana.com\/recetas\/alinos\/mezcla-especias-navidenas\/","og_site_name":"Recetas Vitamix","article_published_time":"2022-11-25T07:21:41+00:00","article_modified_time":"2022-12-21T07:21:55+00:00","og_image":[{"width":1200,"height":750,"url":"https:\/\/www.vitamixespana.com\/recetas\/wp-content\/uploads\/2022\/11\/especias-navidenas-d.jpg","type":"image\/jpeg"}],"author":"Vitamix","twitter_card":"summary_large_image","twitter_misc":{"Escrito por":"Vitamix","Tiempo de lectura":"1 minuto"},"schema":{"@context":"https:\/\/schema.org","@graph":[{"@type":"WebPage","@id":"https:\/\/www.vitamixespana.com\/recetas\/alinos\/mezcla-especias-navidenas\/","url":"https:\/\/www.vitamixespana.com\/recetas\/alinos\/mezcla-especias-navidenas\/","name":"Receta de mezcla de especias navide\u00f1as - Blog Vitamix","isPartOf":{"@id":"https:\/\/www.vitamixespana.com\/recetas\/#website"},"primaryImageOfPage":{"@id":"https:\/\/www.vitamixespana.com\/recetas\/alinos\/mezcla-especias-navidenas\/#primaryimage"},"image":{"@id":"https:\/\/www.vitamixespana.com\/recetas\/alinos\/mezcla-especias-navidenas\/#primaryimage"},"thumbnailUrl":"https:\/\/www.vitamixespana.com\/recetas\/wp-content\/uploads\/2022\/11\/especias-navidenas-d.jpg","datePublished":"2022-11-25T07:21:41+00:00","dateModified":"2022-12-21T07:21:55+00:00","author":{"@id":"https:\/\/www.vitamixespana.com\/recetas\/#\/schema\/person\/9d8af3bac991b88daf19dcf3de3ee640"},"description":"Prepara la mezcla de especias navide\u00f1as y adereza as\u00ed tus recetas con un toque festivo, dulce y picante a la vez. \u00a1El toque maestro en tus celebraciones!","breadcrumb":{"@id":"https:\/\/www.vitamixespana.com\/recetas\/alinos\/mezcla-especias-navidenas\/#breadcrumb"},"inLanguage":"es","potentialAction":[{"@type":"ReadAction","target":["https:\/\/www.vitamixespana.com\/recetas\/alinos\/mezcla-especias-navidenas\/"]}]},{"@type":"ImageObject","inLanguage":"es","@id":"https:\/\/www.vitamixespana.com\/recetas\/alinos\/mezcla-especias-navidenas\/#primaryimage","url":"https:\/\/www.vitamixespana.com\/recetas\/wp-content\/uploads\/2022\/11\/especias-navidenas-d.jpg","contentUrl":"https:\/\/www.vitamixespana.com\/recetas\/wp-content\/uploads\/2022\/11\/especias-navidenas-d.jpg","width":1200,"height":750},{"@type":"BreadcrumbList","@id":"https:\/\/www.vitamixespana.com\/recetas\/alinos\/mezcla-especias-navidenas\/#breadcrumb","itemListElement":[{"@type":"ListItem","position":1,"name":"Inicio","item":"https:\/\/www.vitamixespana.com\/"},{"@type":"ListItem","position":2,"name":"Recetas","item":"https:\/\/www.vitamixespana.com\/recetas\/"},{"@type":"ListItem","position":3,"name":"Ali\u00f1os con Vitamix","item":"https:\/\/www.vitamixespana.com\/recetas\/alinos\/"},{"@type":"ListItem","position":4,"name":"Mezcla de especias navide\u00f1as"}]},{"@type":"WebSite","@id":"https:\/\/www.vitamixespana.com\/recetas\/#website","url":"https:\/\/www.vitamixespana.com\/recetas\/","name":"Recetas Vitamix","description":"Recetas realizadas con Vitamix, la mejor batidora.","potentialAction":[{"@type":"SearchAction","target":{"@type":"EntryPoint","urlTemplate":"https:\/\/www.vitamixespana.com\/recetas\/?s={search_term_string}"},"query-input":{"@type":"PropertyValueSpecification","valueRequired":true,"valueName":"search_term_string"}}],"inLanguage":"es"},{"@type":"Person","@id":"https:\/\/www.vitamixespana.com\/recetas\/#\/schema\/person\/9d8af3bac991b88daf19dcf3de3ee640","name":"Vitamix","image":{"@type":"ImageObject","inLanguage":"es","@id":"https:\/\/www.vitamixespana.com\/recetas\/#\/schema\/person\/image\/","url":"https:\/\/secure.gravatar.com\/avatar\/544d3ac2e667f33d9f9ba512916125d2aa55c01a5d27c5f9d7ae94c56eb6cea7?s=96&d=mm&r=g","contentUrl":"https:\/\/secure.gravatar.com\/avatar\/544d3ac2e667f33d9f9ba512916125d2aa55c01a5d27c5f9d7ae94c56eb6cea7?s=96&d=mm&r=g","caption":"Vitamix"}}]}},"_links":{"self":[{"href":"https:\/\/www.vitamixespana.com\/recetas\/wp-json\/wp\/v2\/posts\/4963","targetHints":{"allow":["GET"]}}],"collection":[{"href":"https:\/\/www.vitamixespana.com\/recetas\/wp-json\/wp\/v2\/posts"}],"about":[{"href":"https:\/\/www.vitamixespana.com\/recetas\/wp-json\/wp\/v2\/types\/post"}],"author":[{"embeddable":true,"href":"https:\/\/www.vitamixespana.com\/recetas\/wp-json\/wp\/v2\/users\/5"}],"replies":[{"embeddable":true,"href":"https:\/\/www.vitamixespana.com\/recetas\/wp-json\/wp\/v2\/comments?post=4963"}],"version-history":[{"count":12,"href":"https:\/\/www.vitamixespana.com\/recetas\/wp-json\/wp\/v2\/posts\/4963\/revisions"}],"predecessor-version":[{"id":5078,"href":"https:\/\/www.vitamixespana.com\/recetas\/wp-json\/wp\/v2\/posts\/4963\/revisions\/5078"}],"wp:featuredmedia":[{"embeddable":true,"href":"https:\/\/www.vitamixespana.com\/recetas\/wp-json\/wp\/v2\/media\/4965"}],"wp:attachment":[{"href":"https:\/\/www.vitamixespana.com\/recetas\/wp-json\/wp\/v2\/media?parent=4963"}],"wp:term":[{"taxonomy":"category","embeddable":true,"href":"https:\/\/www.vitamixespana.com\/recetas\/wp-json\/wp\/v2\/categories?post=4963"},{"taxonomy":"post_tag","embeddable":true,"href":"https:\/\/www.vitamixespana.com\/recetas\/wp-json\/wp\/v2\/tags?post=4963"}],"curies":[{"name":"wp","href":"https:\/\/api.w.org\/{rel}","templated":true}]}}