{"id":5566,"date":"2024-02-06T17:20:20","date_gmt":"2024-02-06T16:20:20","guid":{"rendered":"https:\/\/www.vitamixespana.com\/recetas\/?p=5566"},"modified":"2024-02-06T17:20:20","modified_gmt":"2024-02-06T16:20:20","slug":"ensalada-rucula","status":"publish","type":"post","link":"https:\/\/www.vitamixespana.com\/recetas\/aperitivos\/ensalada-rucula\/","title":{"rendered":"Ensalada de r\u00facula con uvas asadas y vinagreta de lim\u00f3n"},"content":{"rendered":"<figure id=\"attachment_5569\" aria-describedby=\"caption-attachment-5569\" style=\"width: 900px\" class=\"wp-caption alignnone\"><img decoding=\"async\" class=\"wp-image-5569 size-full\" title=\"ensalada de r\u00facula con uvas asadas y vinagreta de lim\u00f3n\" src=\"https:\/\/www.vitamixespana.com\/recetas\/wp-content\/uploads\/2024\/02\/ensalada-de-rucula-1.jpg\" alt=\"ensalada de r\u00facula con uvas asadas y vinagreta de lim\u00f3n\" width=\"900\" height=\"600\" srcset=\"https:\/\/www.vitamixespana.com\/recetas\/wp-content\/uploads\/2024\/02\/ensalada-de-rucula-1.jpg 900w, https:\/\/www.vitamixespana.com\/recetas\/wp-content\/uploads\/2024\/02\/ensalada-de-rucula-1-300x200.jpg 300w, https:\/\/www.vitamixespana.com\/recetas\/wp-content\/uploads\/2024\/02\/ensalada-de-rucula-1-768x512.jpg 768w, https:\/\/www.vitamixespana.com\/recetas\/wp-content\/uploads\/2024\/02\/ensalada-de-rucula-1-272x182.jpg 272w\" sizes=\"(max-width: 900px) 100vw, 900px\" \/><figcaption id=\"caption-attachment-5569\" class=\"wp-caption-text\">Sencilla y resultona, esta ensalada de r\u00facula te conquistar\u00e1 por su maridaje exquisito.<\/figcaption><\/figure>\n<h2>Disfruta de los grandes maridajes de invierno con esta ensalada de r\u00facula<\/h2>\n<p><span data-contrast=\"auto\">Esta <\/span><b><span data-contrast=\"auto\">ensalada de r\u00facula con uvas asadas<\/span><\/b><span data-contrast=\"auto\"> est\u00e1 repleta de sabores, matices y textura. Ideal para deleitar a tus invitados \u2013 o a tus papilas gustativas \u2013 en la pr\u00f3xima cena. La combinaci\u00f3n de nueces y queso azul elevan el resultado a una receta de invierno de esc\u00e1ndalo. Y, gracias al <a href=\"https:\/\/www.vitamixespana.com\/accesorios-vitamix\/1381-vasos-adaptador-vitamix-serie-explorian-pro-750-300-tnc.html\">juego de vasos de 600 ml con adaptador<\/a> para Vitamix serie Explorian, PRO y TNC, podr\u00e1s preparar s\u00f3lo la cantidad de <strong>vinagreta de lim\u00f3n<\/strong> que necesitas para esta receta, sin necesidad de usar la jarra grande.\u00a0<\/span><\/p>\n<p><span data-contrast=\"auto\">Disfruta tambi\u00e9n de esta vers\u00e1til vinagreta en otras ensaladas de invierno como la <a href=\"https:\/\/www.vitamixespana.com\/recetas\/platos-principales\/ensalada-coliflor-brasa\/\">ensalada de coliflor a la brasa <\/a><\/span><span data-contrast=\"auto\">o la <a href=\"https:\/\/www.vitamixespana.com\/recetas\/sin-categorizar\/ensalada-col\/\">ensalada de col lombarda<\/a><\/span><span data-contrast=\"auto\">.<\/span><span data-ccp-props=\"{&quot;201341983&quot;:0,&quot;335559739&quot;:160,&quot;335559740&quot;:259}\">\u00a0<\/span><\/p>\n<div class=\"easyrecipe mceNonEditable\" data-rating=\"0\"> \t<link itemprop=\"image\" href=\"https:\/\/www.vitamixespana.com\/recetas\/wp-content\/uploads\/2024\/02\/ensalada-de-rucula-D.jpg\" \/>\n<div class=\"item ERName\">Receta de ensalada de r\u00facula con uvas asadas y vinagreta de lim\u00f3n<\/div>\n<div class=\"ERClear\"><\/div>\n<div class=\"ERHead\"><span class=\"xlate\">Recipe Type<\/span>: <span class=\"type\">aperitivos<\/span><\/div>\n<div class=\"ERHead\">Author: <span class=\"author\">Vitamix<\/span><\/div>\n<div class=\"ERHead\">Prep time: <time itemprop=\"prepTime\" datetime=\"PT15M\">15 mins<\/time><\/div>\n<div class=\"ERHead\">Cook time: <time itemprop=\"cookTime\" datetime=\"PT20M\">20 mins<\/time><\/div>\n<div class=\"ERHead\">Total time: <time itemprop=\"totalTime\" datetime=\"PT35M\">35 mins<\/time><\/div>\n<div class=\"ERHead\">Serves: <span class=\"yield\">4<\/span><\/div>\n<div class=\"ERIngredients\">\n<div class=\"ERIngredientsHeader\">Ingredients<\/div>\n<ul class=\"ingredients\">\n<li class=\"ingredient\">2 cucharadas sirope de arce<\/li>\n<li class=\"ingredient\">1 y \u00bd tazas uvas rojas (200 g)<\/li>\n<li class=\"ingredient\">145 g r\u00facula<\/li>\n<li class=\"ingredient\">1 taza pickles de cebolla roja (175 g)<\/li>\n<li class=\"ingredient\">1 taza nueces tostadas (125 g)<\/li>\n<li class=\"ingredient\">\u00bd taza queso azul, troceado (75 g)<\/li>\n<li class=\"ingredient\">\u00bd taza vinagreta de lim\u00f3n<\/li>\n<li class=\"ERSeparator\">[b]Para la vinagreta de lim\u00f3n y sirope de arce: [\/b]<\/li>\n<li class=\"ingredient\">1\/3 lim\u00f3n, pelado<\/li>\n<li class=\"ingredient\">2 cucharadas sirope de arce<\/li>\n<li class=\"ingredient\">2 cucharadas vinagre de sidra de manzana<\/li>\n<li class=\"ingredient\">1 pizca sal<\/li>\n<li class=\"ingredient\">\u00bc taza aceite de oliva virgen extra<\/li>\n<\/ul>\n<\/div>\n<div class=\"ERInstructions\">\n<div class=\"ERInstructionsHeader\">Instructions<\/div>\n<div class=\"instructions\">\n<ol>\n<li class=\"instruction\">Precalentar el horno a 205\u00baC.<\/li>\n<li class=\"instruction\">Mezclar las uvas con el sirope y colocar en una bandeja para horno con un papel de horno. Colocar en el horno precalentado y cocinar durante 15 a 20 minutos o hasta que est\u00e9n tiernas.<\/li>\n<li class=\"instruction\">Mientras tanto, preparar la vinagreta en el vaso de 600 ml para el [url href=\u00bbhttps:\/\/www.vitamixespana.com\/accesorios-vitamix\/1381-vasos-adaptador-vitamix-serie-explorian-pro-750-300-tnc.html\u00bb]adaptador para la serie Explorian, PRO y TNC[\/url]. Introducir todos los ingredientes en el vaso de 600 ml de la batidora Vitamix en el orden indicado, colocar y cerrar bien la base de las cuchillas.<\/li>\n<li class=\"instruction\">Seleccionar velocidad 1 y aumentar progresivamente hasta m\u00e1xima potencia. Batir durante unos 20 segundos.<\/li>\n<li class=\"instruction\">Mezclar la r\u00facula con la vinagreta y emplatar en la bandeja o platos de tu elecci\u00f3n. Decorar con las uvas asadas, la cebolla encurtida, las nueces y el queso azul.<\/li>\n<\/ol>\n<\/div>\n<\/div>\n<div class=\"ERNutrition\"><\/div>\n<div class=\"endeasyrecipe\" style=\"display: none;\">3.3.3077<\/div>\n<\/div>\n<p>&nbsp;<\/p>\n","protected":false},"excerpt":{"rendered":"<p>\u00bfQui\u00e9n dijo que las ensaladas son aburridas? Disfruta de las mejores combinaciones con esta ensalada de r\u00facula, uvas asadas, nueces y queso azul; aderezado con una sencilla pero efectiva vinagreta de lim\u00f3n.<\/p>\n","protected":false},"author":5,"featured_media":5570,"comment_status":"open","ping_status":"open","sticky":false,"template":"","format":"standard","meta":{"footnotes":""},"categories":[15,6,1],"tags":[],"class_list":["post-5566","post","type-post","status-publish","format-standard","has-post-thumbnail","hentry","category-alinos","category-aperitivos","category-sin-categorizar","course-aperitivos"],"yoast_head":"<!-- This site is optimized with the Yoast SEO plugin v26.1 - https:\/\/yoast.com\/wordpress\/plugins\/seo\/ -->\n<title>Receta de ensalada de r\u00facula con vinagreta de lim\u00f3n - Blog Vitamix<\/title>\n<meta name=\"description\" content=\"\u00bfQui\u00e9n dijo que las ensaladas son aburridas? Disfruta de las mejores combinaciones con esta ensalada de r\u00facula, uvas asadas, nueces y queso azul.\" \/>\n<meta name=\"robots\" content=\"index, follow, max-snippet:-1, max-image-preview:large, max-video-preview:-1\" \/>\n<link rel=\"canonical\" href=\"https:\/\/www.vitamixespana.com\/recetas\/aperitivos\/ensalada-rucula\/\" \/>\n<meta property=\"og:locale\" content=\"es_ES\" \/>\n<meta property=\"og:type\" content=\"article\" \/>\n<meta property=\"og:title\" content=\"Receta de ensalada de r\u00facula con vinagreta de lim\u00f3n - Blog Vitamix\" \/>\n<meta property=\"og:description\" content=\"\u00bfQui\u00e9n dijo que las ensaladas son aburridas? Disfruta de las mejores combinaciones con esta ensalada de r\u00facula, uvas asadas, nueces y queso azul.\" \/>\n<meta property=\"og:url\" content=\"https:\/\/www.vitamixespana.com\/recetas\/aperitivos\/ensalada-rucula\/\" \/>\n<meta property=\"og:site_name\" content=\"Recetas Vitamix\" \/>\n<meta property=\"article:published_time\" content=\"2024-02-06T16:20:20+00:00\" \/>\n<meta property=\"og:image\" content=\"https:\/\/www.vitamixespana.com\/recetas\/wp-content\/uploads\/2024\/02\/ensalada-de-rucula-D.jpg\" \/>\n\t<meta property=\"og:image:width\" content=\"1200\" \/>\n\t<meta property=\"og:image:height\" content=\"750\" \/>\n\t<meta property=\"og:image:type\" content=\"image\/jpeg\" \/>\n<meta name=\"author\" content=\"Vitamix\" \/>\n<meta name=\"twitter:card\" content=\"summary_large_image\" \/>\n<meta name=\"twitter:label1\" content=\"Escrito por\" \/>\n\t<meta name=\"twitter:data1\" content=\"Vitamix\" \/>\n\t<meta name=\"twitter:label2\" content=\"Tiempo de lectura\" \/>\n\t<meta name=\"twitter:data2\" content=\"2 minutos\" \/>\n<script type=\"application\/ld+json\" class=\"yoast-schema-graph\">{\"@context\":\"https:\/\/schema.org\",\"@graph\":[{\"@type\":\"WebPage\",\"@id\":\"https:\/\/www.vitamixespana.com\/recetas\/aperitivos\/ensalada-rucula\/\",\"url\":\"https:\/\/www.vitamixespana.com\/recetas\/aperitivos\/ensalada-rucula\/\",\"name\":\"Receta de ensalada de r\u00facula con vinagreta de lim\u00f3n - Blog Vitamix\",\"isPartOf\":{\"@id\":\"https:\/\/www.vitamixespana.com\/recetas\/#website\"},\"primaryImageOfPage\":{\"@id\":\"https:\/\/www.vitamixespana.com\/recetas\/aperitivos\/ensalada-rucula\/#primaryimage\"},\"image\":{\"@id\":\"https:\/\/www.vitamixespana.com\/recetas\/aperitivos\/ensalada-rucula\/#primaryimage\"},\"thumbnailUrl\":\"https:\/\/www.vitamixespana.com\/recetas\/wp-content\/uploads\/2024\/02\/ensalada-de-rucula-D.jpg\",\"datePublished\":\"2024-02-06T16:20:20+00:00\",\"author\":{\"@id\":\"https:\/\/www.vitamixespana.com\/recetas\/#\/schema\/person\/9d8af3bac991b88daf19dcf3de3ee640\"},\"description\":\"\u00bfQui\u00e9n dijo que las ensaladas son aburridas? Disfruta de las mejores combinaciones con esta ensalada de r\u00facula, uvas asadas, nueces y queso azul.\",\"breadcrumb\":{\"@id\":\"https:\/\/www.vitamixespana.com\/recetas\/aperitivos\/ensalada-rucula\/#breadcrumb\"},\"inLanguage\":\"es\",\"potentialAction\":[{\"@type\":\"ReadAction\",\"target\":[\"https:\/\/www.vitamixespana.com\/recetas\/aperitivos\/ensalada-rucula\/\"]}]},{\"@type\":\"ImageObject\",\"inLanguage\":\"es\",\"@id\":\"https:\/\/www.vitamixespana.com\/recetas\/aperitivos\/ensalada-rucula\/#primaryimage\",\"url\":\"https:\/\/www.vitamixespana.com\/recetas\/wp-content\/uploads\/2024\/02\/ensalada-de-rucula-D.jpg\",\"contentUrl\":\"https:\/\/www.vitamixespana.com\/recetas\/wp-content\/uploads\/2024\/02\/ensalada-de-rucula-D.jpg\",\"width\":1200,\"height\":750},{\"@type\":\"BreadcrumbList\",\"@id\":\"https:\/\/www.vitamixespana.com\/recetas\/aperitivos\/ensalada-rucula\/#breadcrumb\",\"itemListElement\":[{\"@type\":\"ListItem\",\"position\":1,\"name\":\"Inicio\",\"item\":\"https:\/\/www.vitamixespana.com\/\"},{\"@type\":\"ListItem\",\"position\":2,\"name\":\"Recetas\",\"item\":\"https:\/\/www.vitamixespana.com\/recetas\/\"},{\"@type\":\"ListItem\",\"position\":3,\"name\":\"Aperitivos con Vitamix\",\"item\":\"https:\/\/www.vitamixespana.com\/recetas\/aperitivos\/\"},{\"@type\":\"ListItem\",\"position\":4,\"name\":\"Ensalada de r\u00facula con uvas asadas y vinagreta de lim\u00f3n\"}]},{\"@type\":\"WebSite\",\"@id\":\"https:\/\/www.vitamixespana.com\/recetas\/#website\",\"url\":\"https:\/\/www.vitamixespana.com\/recetas\/\",\"name\":\"Recetas Vitamix\",\"description\":\"Recetas realizadas con Vitamix, la mejor batidora.\",\"potentialAction\":[{\"@type\":\"SearchAction\",\"target\":{\"@type\":\"EntryPoint\",\"urlTemplate\":\"https:\/\/www.vitamixespana.com\/recetas\/?s={search_term_string}\"},\"query-input\":{\"@type\":\"PropertyValueSpecification\",\"valueRequired\":true,\"valueName\":\"search_term_string\"}}],\"inLanguage\":\"es\"},{\"@type\":\"Person\",\"@id\":\"https:\/\/www.vitamixespana.com\/recetas\/#\/schema\/person\/9d8af3bac991b88daf19dcf3de3ee640\",\"name\":\"Vitamix\",\"image\":{\"@type\":\"ImageObject\",\"inLanguage\":\"es\",\"@id\":\"https:\/\/www.vitamixespana.com\/recetas\/#\/schema\/person\/image\/\",\"url\":\"https:\/\/secure.gravatar.com\/avatar\/544d3ac2e667f33d9f9ba512916125d2aa55c01a5d27c5f9d7ae94c56eb6cea7?s=96&d=mm&r=g\",\"contentUrl\":\"https:\/\/secure.gravatar.com\/avatar\/544d3ac2e667f33d9f9ba512916125d2aa55c01a5d27c5f9d7ae94c56eb6cea7?s=96&d=mm&r=g\",\"caption\":\"Vitamix\"}}]}<\/script>\n<!-- \/ Yoast SEO plugin. -->","yoast_head_json":{"title":"Receta de ensalada de r\u00facula con vinagreta de lim\u00f3n - Blog Vitamix","description":"\u00bfQui\u00e9n dijo que las ensaladas son aburridas? Disfruta de las mejores combinaciones con esta ensalada de r\u00facula, uvas asadas, nueces y queso azul.","robots":{"index":"index","follow":"follow","max-snippet":"max-snippet:-1","max-image-preview":"max-image-preview:large","max-video-preview":"max-video-preview:-1"},"canonical":"https:\/\/www.vitamixespana.com\/recetas\/aperitivos\/ensalada-rucula\/","og_locale":"es_ES","og_type":"article","og_title":"Receta de ensalada de r\u00facula con vinagreta de lim\u00f3n - Blog Vitamix","og_description":"\u00bfQui\u00e9n dijo que las ensaladas son aburridas? Disfruta de las mejores combinaciones con esta ensalada de r\u00facula, uvas asadas, nueces y queso azul.","og_url":"https:\/\/www.vitamixespana.com\/recetas\/aperitivos\/ensalada-rucula\/","og_site_name":"Recetas Vitamix","article_published_time":"2024-02-06T16:20:20+00:00","og_image":[{"width":1200,"height":750,"url":"https:\/\/www.vitamixespana.com\/recetas\/wp-content\/uploads\/2024\/02\/ensalada-de-rucula-D.jpg","type":"image\/jpeg"}],"author":"Vitamix","twitter_card":"summary_large_image","twitter_misc":{"Escrito por":"Vitamix","Tiempo de lectura":"2 minutos"},"schema":{"@context":"https:\/\/schema.org","@graph":[{"@type":"WebPage","@id":"https:\/\/www.vitamixespana.com\/recetas\/aperitivos\/ensalada-rucula\/","url":"https:\/\/www.vitamixespana.com\/recetas\/aperitivos\/ensalada-rucula\/","name":"Receta de ensalada de r\u00facula con vinagreta de lim\u00f3n - Blog Vitamix","isPartOf":{"@id":"https:\/\/www.vitamixespana.com\/recetas\/#website"},"primaryImageOfPage":{"@id":"https:\/\/www.vitamixespana.com\/recetas\/aperitivos\/ensalada-rucula\/#primaryimage"},"image":{"@id":"https:\/\/www.vitamixespana.com\/recetas\/aperitivos\/ensalada-rucula\/#primaryimage"},"thumbnailUrl":"https:\/\/www.vitamixespana.com\/recetas\/wp-content\/uploads\/2024\/02\/ensalada-de-rucula-D.jpg","datePublished":"2024-02-06T16:20:20+00:00","author":{"@id":"https:\/\/www.vitamixespana.com\/recetas\/#\/schema\/person\/9d8af3bac991b88daf19dcf3de3ee640"},"description":"\u00bfQui\u00e9n dijo que las ensaladas son aburridas? Disfruta de las mejores combinaciones con esta ensalada de r\u00facula, uvas asadas, nueces y queso azul.","breadcrumb":{"@id":"https:\/\/www.vitamixespana.com\/recetas\/aperitivos\/ensalada-rucula\/#breadcrumb"},"inLanguage":"es","potentialAction":[{"@type":"ReadAction","target":["https:\/\/www.vitamixespana.com\/recetas\/aperitivos\/ensalada-rucula\/"]}]},{"@type":"ImageObject","inLanguage":"es","@id":"https:\/\/www.vitamixespana.com\/recetas\/aperitivos\/ensalada-rucula\/#primaryimage","url":"https:\/\/www.vitamixespana.com\/recetas\/wp-content\/uploads\/2024\/02\/ensalada-de-rucula-D.jpg","contentUrl":"https:\/\/www.vitamixespana.com\/recetas\/wp-content\/uploads\/2024\/02\/ensalada-de-rucula-D.jpg","width":1200,"height":750},{"@type":"BreadcrumbList","@id":"https:\/\/www.vitamixespana.com\/recetas\/aperitivos\/ensalada-rucula\/#breadcrumb","itemListElement":[{"@type":"ListItem","position":1,"name":"Inicio","item":"https:\/\/www.vitamixespana.com\/"},{"@type":"ListItem","position":2,"name":"Recetas","item":"https:\/\/www.vitamixespana.com\/recetas\/"},{"@type":"ListItem","position":3,"name":"Aperitivos con Vitamix","item":"https:\/\/www.vitamixespana.com\/recetas\/aperitivos\/"},{"@type":"ListItem","position":4,"name":"Ensalada de r\u00facula con uvas asadas y vinagreta de lim\u00f3n"}]},{"@type":"WebSite","@id":"https:\/\/www.vitamixespana.com\/recetas\/#website","url":"https:\/\/www.vitamixespana.com\/recetas\/","name":"Recetas Vitamix","description":"Recetas realizadas con Vitamix, la mejor batidora.","potentialAction":[{"@type":"SearchAction","target":{"@type":"EntryPoint","urlTemplate":"https:\/\/www.vitamixespana.com\/recetas\/?s={search_term_string}"},"query-input":{"@type":"PropertyValueSpecification","valueRequired":true,"valueName":"search_term_string"}}],"inLanguage":"es"},{"@type":"Person","@id":"https:\/\/www.vitamixespana.com\/recetas\/#\/schema\/person\/9d8af3bac991b88daf19dcf3de3ee640","name":"Vitamix","image":{"@type":"ImageObject","inLanguage":"es","@id":"https:\/\/www.vitamixespana.com\/recetas\/#\/schema\/person\/image\/","url":"https:\/\/secure.gravatar.com\/avatar\/544d3ac2e667f33d9f9ba512916125d2aa55c01a5d27c5f9d7ae94c56eb6cea7?s=96&d=mm&r=g","contentUrl":"https:\/\/secure.gravatar.com\/avatar\/544d3ac2e667f33d9f9ba512916125d2aa55c01a5d27c5f9d7ae94c56eb6cea7?s=96&d=mm&r=g","caption":"Vitamix"}}]}},"_links":{"self":[{"href":"https:\/\/www.vitamixespana.com\/recetas\/wp-json\/wp\/v2\/posts\/5566","targetHints":{"allow":["GET"]}}],"collection":[{"href":"https:\/\/www.vitamixespana.com\/recetas\/wp-json\/wp\/v2\/posts"}],"about":[{"href":"https:\/\/www.vitamixespana.com\/recetas\/wp-json\/wp\/v2\/types\/post"}],"author":[{"embeddable":true,"href":"https:\/\/www.vitamixespana.com\/recetas\/wp-json\/wp\/v2\/users\/5"}],"replies":[{"embeddable":true,"href":"https:\/\/www.vitamixespana.com\/recetas\/wp-json\/wp\/v2\/comments?post=5566"}],"version-history":[{"count":7,"href":"https:\/\/www.vitamixespana.com\/recetas\/wp-json\/wp\/v2\/posts\/5566\/revisions"}],"predecessor-version":[{"id":5575,"href":"https:\/\/www.vitamixespana.com\/recetas\/wp-json\/wp\/v2\/posts\/5566\/revisions\/5575"}],"wp:featuredmedia":[{"embeddable":true,"href":"https:\/\/www.vitamixespana.com\/recetas\/wp-json\/wp\/v2\/media\/5570"}],"wp:attachment":[{"href":"https:\/\/www.vitamixespana.com\/recetas\/wp-json\/wp\/v2\/media?parent=5566"}],"wp:term":[{"taxonomy":"category","embeddable":true,"href":"https:\/\/www.vitamixespana.com\/recetas\/wp-json\/wp\/v2\/categories?post=5566"},{"taxonomy":"post_tag","embeddable":true,"href":"https:\/\/www.vitamixespana.com\/recetas\/wp-json\/wp\/v2\/tags?post=5566"}],"curies":[{"name":"wp","href":"https:\/\/api.w.org\/{rel}","templated":true}]}}