{"id":977,"date":"2017-03-23T00:59:38","date_gmt":"2017-03-23T00:59:38","guid":{"rendered":"https:\/\/www.lamejorbatidora.com\/recetas\/?p=977"},"modified":"2024-03-05T17:13:27","modified_gmt":"2024-03-05T16:13:27","slug":"pan-nuez-arandanos","status":"publish","type":"post","link":"https:\/\/www.vitamixespana.com\/recetas\/panes-masas\/pan-nuez-arandanos\/","title":{"rendered":"Pan de nueces y ar\u00e1ndanos"},"content":{"rendered":"<figure id=\"attachment_5606\" aria-describedby=\"caption-attachment-5606\" style=\"width: 900px\" class=\"wp-caption alignnone\"><img decoding=\"async\" class=\"wp-image-5606 size-full\" title=\"rebanada de pan de nueces y ar\u00e1ndanos\" src=\"https:\/\/www.vitamixespana.com\/recetas\/wp-content\/uploads\/2017\/03\/pan-de-nueces-y-arandanos-1.jpg\" alt=\"rebanada de pan de nueces y ar\u00e1ndanos\" width=\"900\" height=\"600\" srcset=\"https:\/\/www.vitamixespana.com\/recetas\/wp-content\/uploads\/2017\/03\/pan-de-nueces-y-arandanos-1.jpg 900w, https:\/\/www.vitamixespana.com\/recetas\/wp-content\/uploads\/2017\/03\/pan-de-nueces-y-arandanos-1-300x200.jpg 300w, https:\/\/www.vitamixespana.com\/recetas\/wp-content\/uploads\/2017\/03\/pan-de-nueces-y-arandanos-1-768x512.jpg 768w, https:\/\/www.vitamixespana.com\/recetas\/wp-content\/uploads\/2017\/03\/pan-de-nueces-y-arandanos-1-272x182.jpg 272w\" sizes=\"(max-width: 900px) 100vw, 900px\" \/><figcaption id=\"caption-attachment-5606\" class=\"wp-caption-text\">Atr\u00e9vete con este sabroso pan de nueces y ar\u00e1ndanos.<\/figcaption><\/figure>\n<h2>Delicioso pan de nueces y ar\u00e1ndanos<\/h2>\n<p>Este pan est\u00e1 cargado de sabor, las nueces le dan un toque y sabor oto\u00f1al que acompa\u00f1an a la perfecci\u00f3n los ar\u00e1ndanos rojos, con su color y dulzor. Una receta f\u00e1cil y sencilla de preparar.<\/p>\n<div class=\"easyrecipeWrapper mceNonEditable\">\n<div class=\"easyrecipe mceNonEditable\" data-rating=\"0\"> \t<link itemprop=\"image\" href=\"https:\/\/www.vitamixespana.com\/recetas\/wp-content\/uploads\/2017\/03\/pan-nuez-y-arandanos.jpg\" \/>\n<div class=\"item ERName\">Pan de nueces y ar\u00e1ndanos<\/div>\n<div class=\"ERClear\"><\/div>\n<div class=\"ERHead\"><span class=\"xlate\">Recipe Type<\/span>: <span class=\"type\">Masas y Panes<\/span><\/div>\n<div class=\"ERHead\">Author: <span class=\"author\">Vitamix<\/span><\/div>\n<div class=\"ERHead\">Prep time: <time itemprop=\"prepTime\" datetime=\"PT10M\">10 mins<\/time><\/div>\n<div class=\"ERHead\">Cook time: <time itemprop=\"cookTime\" datetime=\"PT30M\">30 mins<\/time><\/div>\n<div class=\"ERHead\">Total time: <time itemprop=\"totalTime\" datetime=\"PT40M\">40 mins<\/time><\/div>\n<div class=\"ERIngredients\">\n<div class=\"ERIngredientsHeader\">Ingredients<\/div>\n<ul class=\"ingredients\">\n<li class=\"ingredient\">1 tza de ar\u00e1ndanos congelados (100 g)<\/li>\n<li class=\"ingredient\">1 naranja pelada<\/li>\n<li class=\"ingredient\">1 trozo de c\u00e1scara de naranja (de unos 2.5 cm)<\/li>\n<li class=\"ingredient\">1\/4 de tza (60 ml) de aceite de oliva ligero<\/li>\n<li class=\"ingredient\">1 tza (200 g) de az\u00facar<\/li>\n<li class=\"ingredient\">1 huevo grande<\/li>\n<li class=\"ingredient\">1 cucharadita de extracto de vainilla<\/li>\n<li class=\"ingredient\">1 y 1\/2 cditas de levadura en polvo<\/li>\n<li class=\"ingredient\">1\/2 cdita de bicarbonato de sodio<\/li>\n<li class=\"ingredient\">1 cdita de sal<\/li>\n<li class=\"ingredient\">\u2022 2 tazas (240 g) de harina de trigo integral<\/li>\n<li class=\"ingredient\">\u2022 \u00bd tazas (45 g) de nueces picadas<\/li>\n<\/ul>\n<\/div>\n<div class=\"ERInstructions\">\n<div class=\"ERInstructionsHeader\">Instructions<\/div>\n<div class=\"instructions\">\n<ol>\n<li class=\"instruction\">Precalentar el horno a 180 \u00b0 C. Engrasar un molde (aproximadamente de 22 cm x 11 cm), con aceite vegetal o con spray desmoldante para bizcochos.<\/li>\n<li class=\"instruction\">Colocar la jarra de Vitamix en la base de la batidora y fijar la velocidad en posici\u00f3n 1.<\/li>\n<li class=\"instruction\">Encender la m\u00e1quina y aumentar lentamente la velocidad hasta 3. Abrir la tapa superior y dejar caer los ar\u00e1ndanos, esperar hasta que est\u00e9n picados. Detener la batidora, y sacar los ar\u00e1ndanos picados.<\/li>\n<li class=\"instruction\">Introducir en la jarra la naranja cortada en cuartos, la c\u00e1scara de naranja, el aceite de oliva, el az\u00facar, el huevo, y la vainilla. Tapar despues.<\/li>\n<li class=\"instruction\">Seleccionar la velocidad 1. Encender la m\u00e1quina y aumentar lentamente hasta velocidad 10.<\/li>\n<li class=\"instruction\">Mezclar durante 30 segundos, usando la barra presionadora cuando sea necesario, para bajar los ingredientes hacia las cuchillas.<\/li>\n<li class=\"instruction\">En un bol grande, mezclar la levadura en polvo, el bicarbonato de sodio, la sal y la harina de trigo integral; mezclar bien.<\/li>\n<li class=\"instruction\">Verter la mezcla de naranja en el bol que contiene los ingredientes secos. Mezclar solo hasta que los ingredientes secos est\u00e1n humedecidos.<\/li>\n<li class=\"instruction\">A\u00f1adir las nueces picadas y los ar\u00e1ndanos a la masa, y mezclar un poco.<\/li>\n<li class=\"instruction\">Extender la masa en el molde engrasado. Hornear durante 1 hora o hasta que al insertar un palillo en el centro salga limpio.<\/li>\n<li class=\"instruction\">Enfriar sobre una rejilla durante 30 minutos, desmoldar y dejar enfriar completamente antes de cortar.<\/li>\n<\/ol>\n<\/div>\n<\/div>\n<div class=\"ERNutrition\"><\/div>\n<div class=\"endeasyrecipe\" style=\"display: none;\">3.3.3077<\/div>\n<\/div>\n<div class=\"easyrecipeBelow mceNonEditable\"><input class=\"ERInsertLine mceNonEditable\" type=\"button\" value=\"Insert line below\" \/><\/div>\n<\/div>\n","protected":false},"excerpt":{"rendered":"<p>Delicioso pan de nueces y ar\u00e1ndanos Este pan est\u00e1 cargado de sabor, las nueces le dan un toque y sabor oto\u00f1al que acompa\u00f1an a la perfecci\u00f3n los ar\u00e1ndanos rojos, con su color y dulzor. Una receta f\u00e1cil y sencilla de preparar. Pan de nueces y ar\u00e1ndanos Recipe Type: Masas y Panes Author: Vitamix Prep time: [&hellip;]<\/p>\n","protected":false},"author":5,"featured_media":5607,"comment_status":"open","ping_status":"open","sticky":false,"template":"","format":"standard","meta":{"footnotes":""},"categories":[5,1],"tags":[98,97,96],"class_list":["post-977","post","type-post","status-publish","format-standard","has-post-thumbnail","hentry","category-panes-masas","category-sin-categorizar","tag-pan-de-arandanos","tag-pan-de-nuez","tag-panes-y-masas","course-masas-y-panes"],"yoast_head":"<!-- This site is optimized with the Yoast SEO plugin v26.1 - https:\/\/yoast.com\/wordpress\/plugins\/seo\/ -->\n<title>Pan de nuez y ar\u00e1ndanos - Receta con batidora Vitamix<\/title>\n<meta name=\"description\" content=\"Este pan est\u00e1 cargado de sabor, las nueces le dan un toque y sabor oto\u00f1al que acompa\u00f1an a la perfecci\u00f3n los ar\u00e1ndanos rojos, con su color y dulzor.\" \/>\n<meta name=\"robots\" content=\"index, follow, max-snippet:-1, max-image-preview:large, max-video-preview:-1\" \/>\n<link rel=\"canonical\" href=\"https:\/\/www.vitamixespana.com\/recetas\/panes-masas\/pan-nuez-arandanos\/\" \/>\n<meta property=\"og:locale\" content=\"es_ES\" \/>\n<meta property=\"og:type\" content=\"article\" \/>\n<meta property=\"og:title\" content=\"Pan de nuez y ar\u00e1ndanos - Receta con batidora Vitamix\" \/>\n<meta property=\"og:description\" content=\"Este pan est\u00e1 cargado de sabor, las nueces le dan un toque y sabor oto\u00f1al que acompa\u00f1an a la perfecci\u00f3n los ar\u00e1ndanos rojos, con su color y dulzor.\" \/>\n<meta property=\"og:url\" content=\"https:\/\/www.vitamixespana.com\/recetas\/panes-masas\/pan-nuez-arandanos\/\" \/>\n<meta property=\"og:site_name\" content=\"Recetas Vitamix\" \/>\n<meta property=\"article:published_time\" content=\"2017-03-23T00:59:38+00:00\" \/>\n<meta property=\"article:modified_time\" content=\"2024-03-05T16:13:27+00:00\" \/>\n<meta property=\"og:image\" content=\"https:\/\/www.vitamixespana.com\/recetas\/wp-content\/uploads\/2017\/03\/pan-de-nueces-y-arandanos-D.jpg\" \/>\n\t<meta property=\"og:image:width\" content=\"1200\" \/>\n\t<meta property=\"og:image:height\" content=\"750\" \/>\n\t<meta property=\"og:image:type\" content=\"image\/jpeg\" \/>\n<meta name=\"author\" content=\"Vitamix\" \/>\n<meta name=\"twitter:card\" content=\"summary_large_image\" \/>\n<meta name=\"twitter:label1\" content=\"Escrito por\" \/>\n\t<meta name=\"twitter:data1\" content=\"Vitamix\" \/>\n\t<meta name=\"twitter:label2\" content=\"Tiempo de lectura\" \/>\n\t<meta name=\"twitter:data2\" content=\"2 minutos\" \/>\n<script type=\"application\/ld+json\" class=\"yoast-schema-graph\">{\"@context\":\"https:\/\/schema.org\",\"@graph\":[{\"@type\":\"WebPage\",\"@id\":\"https:\/\/www.vitamixespana.com\/recetas\/panes-masas\/pan-nuez-arandanos\/\",\"url\":\"https:\/\/www.vitamixespana.com\/recetas\/panes-masas\/pan-nuez-arandanos\/\",\"name\":\"Pan de nuez y ar\u00e1ndanos - Receta con batidora Vitamix\",\"isPartOf\":{\"@id\":\"https:\/\/www.vitamixespana.com\/recetas\/#website\"},\"primaryImageOfPage\":{\"@id\":\"https:\/\/www.vitamixespana.com\/recetas\/panes-masas\/pan-nuez-arandanos\/#primaryimage\"},\"image\":{\"@id\":\"https:\/\/www.vitamixespana.com\/recetas\/panes-masas\/pan-nuez-arandanos\/#primaryimage\"},\"thumbnailUrl\":\"https:\/\/www.vitamixespana.com\/recetas\/wp-content\/uploads\/2017\/03\/pan-de-nueces-y-arandanos-D.jpg\",\"datePublished\":\"2017-03-23T00:59:38+00:00\",\"dateModified\":\"2024-03-05T16:13:27+00:00\",\"author\":{\"@id\":\"https:\/\/www.vitamixespana.com\/recetas\/#\/schema\/person\/9d8af3bac991b88daf19dcf3de3ee640\"},\"description\":\"Este pan est\u00e1 cargado de sabor, las nueces le dan un toque y sabor oto\u00f1al que acompa\u00f1an a la perfecci\u00f3n los ar\u00e1ndanos rojos, con su color y dulzor.\",\"breadcrumb\":{\"@id\":\"https:\/\/www.vitamixespana.com\/recetas\/panes-masas\/pan-nuez-arandanos\/#breadcrumb\"},\"inLanguage\":\"es\",\"potentialAction\":[{\"@type\":\"ReadAction\",\"target\":[\"https:\/\/www.vitamixespana.com\/recetas\/panes-masas\/pan-nuez-arandanos\/\"]}]},{\"@type\":\"ImageObject\",\"inLanguage\":\"es\",\"@id\":\"https:\/\/www.vitamixespana.com\/recetas\/panes-masas\/pan-nuez-arandanos\/#primaryimage\",\"url\":\"https:\/\/www.vitamixespana.com\/recetas\/wp-content\/uploads\/2017\/03\/pan-de-nueces-y-arandanos-D.jpg\",\"contentUrl\":\"https:\/\/www.vitamixespana.com\/recetas\/wp-content\/uploads\/2017\/03\/pan-de-nueces-y-arandanos-D.jpg\",\"width\":1200,\"height\":750},{\"@type\":\"BreadcrumbList\",\"@id\":\"https:\/\/www.vitamixespana.com\/recetas\/panes-masas\/pan-nuez-arandanos\/#breadcrumb\",\"itemListElement\":[{\"@type\":\"ListItem\",\"position\":1,\"name\":\"Inicio\",\"item\":\"https:\/\/www.vitamixespana.com\/\"},{\"@type\":\"ListItem\",\"position\":2,\"name\":\"Recetas\",\"item\":\"https:\/\/www.vitamixespana.com\/recetas\/\"},{\"@type\":\"ListItem\",\"position\":3,\"name\":\"Panes y masas con Vitamix\",\"item\":\"https:\/\/www.vitamixespana.com\/recetas\/panes-masas\/\"},{\"@type\":\"ListItem\",\"position\":4,\"name\":\"Pan de nueces y ar\u00e1ndanos\"}]},{\"@type\":\"WebSite\",\"@id\":\"https:\/\/www.vitamixespana.com\/recetas\/#website\",\"url\":\"https:\/\/www.vitamixespana.com\/recetas\/\",\"name\":\"Recetas Vitamix\",\"description\":\"Recetas realizadas con Vitamix, la mejor batidora.\",\"potentialAction\":[{\"@type\":\"SearchAction\",\"target\":{\"@type\":\"EntryPoint\",\"urlTemplate\":\"https:\/\/www.vitamixespana.com\/recetas\/?s={search_term_string}\"},\"query-input\":{\"@type\":\"PropertyValueSpecification\",\"valueRequired\":true,\"valueName\":\"search_term_string\"}}],\"inLanguage\":\"es\"},{\"@type\":\"Person\",\"@id\":\"https:\/\/www.vitamixespana.com\/recetas\/#\/schema\/person\/9d8af3bac991b88daf19dcf3de3ee640\",\"name\":\"Vitamix\",\"image\":{\"@type\":\"ImageObject\",\"inLanguage\":\"es\",\"@id\":\"https:\/\/www.vitamixespana.com\/recetas\/#\/schema\/person\/image\/\",\"url\":\"https:\/\/secure.gravatar.com\/avatar\/544d3ac2e667f33d9f9ba512916125d2aa55c01a5d27c5f9d7ae94c56eb6cea7?s=96&d=mm&r=g\",\"contentUrl\":\"https:\/\/secure.gravatar.com\/avatar\/544d3ac2e667f33d9f9ba512916125d2aa55c01a5d27c5f9d7ae94c56eb6cea7?s=96&d=mm&r=g\",\"caption\":\"Vitamix\"}}]}<\/script>\n<!-- \/ Yoast SEO plugin. -->","yoast_head_json":{"title":"Pan de nuez y ar\u00e1ndanos - Receta con batidora Vitamix","description":"Este pan est\u00e1 cargado de sabor, las nueces le dan un toque y sabor oto\u00f1al que acompa\u00f1an a la perfecci\u00f3n los ar\u00e1ndanos rojos, con su color y dulzor.","robots":{"index":"index","follow":"follow","max-snippet":"max-snippet:-1","max-image-preview":"max-image-preview:large","max-video-preview":"max-video-preview:-1"},"canonical":"https:\/\/www.vitamixespana.com\/recetas\/panes-masas\/pan-nuez-arandanos\/","og_locale":"es_ES","og_type":"article","og_title":"Pan de nuez y ar\u00e1ndanos - Receta con batidora Vitamix","og_description":"Este pan est\u00e1 cargado de sabor, las nueces le dan un toque y sabor oto\u00f1al que acompa\u00f1an a la perfecci\u00f3n los ar\u00e1ndanos rojos, con su color y dulzor.","og_url":"https:\/\/www.vitamixespana.com\/recetas\/panes-masas\/pan-nuez-arandanos\/","og_site_name":"Recetas Vitamix","article_published_time":"2017-03-23T00:59:38+00:00","article_modified_time":"2024-03-05T16:13:27+00:00","og_image":[{"width":1200,"height":750,"url":"https:\/\/www.vitamixespana.com\/recetas\/wp-content\/uploads\/2017\/03\/pan-de-nueces-y-arandanos-D.jpg","type":"image\/jpeg"}],"author":"Vitamix","twitter_card":"summary_large_image","twitter_misc":{"Escrito por":"Vitamix","Tiempo de lectura":"2 minutos"},"schema":{"@context":"https:\/\/schema.org","@graph":[{"@type":"WebPage","@id":"https:\/\/www.vitamixespana.com\/recetas\/panes-masas\/pan-nuez-arandanos\/","url":"https:\/\/www.vitamixespana.com\/recetas\/panes-masas\/pan-nuez-arandanos\/","name":"Pan de nuez y ar\u00e1ndanos - Receta con batidora Vitamix","isPartOf":{"@id":"https:\/\/www.vitamixespana.com\/recetas\/#website"},"primaryImageOfPage":{"@id":"https:\/\/www.vitamixespana.com\/recetas\/panes-masas\/pan-nuez-arandanos\/#primaryimage"},"image":{"@id":"https:\/\/www.vitamixespana.com\/recetas\/panes-masas\/pan-nuez-arandanos\/#primaryimage"},"thumbnailUrl":"https:\/\/www.vitamixespana.com\/recetas\/wp-content\/uploads\/2017\/03\/pan-de-nueces-y-arandanos-D.jpg","datePublished":"2017-03-23T00:59:38+00:00","dateModified":"2024-03-05T16:13:27+00:00","author":{"@id":"https:\/\/www.vitamixespana.com\/recetas\/#\/schema\/person\/9d8af3bac991b88daf19dcf3de3ee640"},"description":"Este pan est\u00e1 cargado de sabor, las nueces le dan un toque y sabor oto\u00f1al que acompa\u00f1an a la perfecci\u00f3n los ar\u00e1ndanos rojos, con su color y dulzor.","breadcrumb":{"@id":"https:\/\/www.vitamixespana.com\/recetas\/panes-masas\/pan-nuez-arandanos\/#breadcrumb"},"inLanguage":"es","potentialAction":[{"@type":"ReadAction","target":["https:\/\/www.vitamixespana.com\/recetas\/panes-masas\/pan-nuez-arandanos\/"]}]},{"@type":"ImageObject","inLanguage":"es","@id":"https:\/\/www.vitamixespana.com\/recetas\/panes-masas\/pan-nuez-arandanos\/#primaryimage","url":"https:\/\/www.vitamixespana.com\/recetas\/wp-content\/uploads\/2017\/03\/pan-de-nueces-y-arandanos-D.jpg","contentUrl":"https:\/\/www.vitamixespana.com\/recetas\/wp-content\/uploads\/2017\/03\/pan-de-nueces-y-arandanos-D.jpg","width":1200,"height":750},{"@type":"BreadcrumbList","@id":"https:\/\/www.vitamixespana.com\/recetas\/panes-masas\/pan-nuez-arandanos\/#breadcrumb","itemListElement":[{"@type":"ListItem","position":1,"name":"Inicio","item":"https:\/\/www.vitamixespana.com\/"},{"@type":"ListItem","position":2,"name":"Recetas","item":"https:\/\/www.vitamixespana.com\/recetas\/"},{"@type":"ListItem","position":3,"name":"Panes y masas con Vitamix","item":"https:\/\/www.vitamixespana.com\/recetas\/panes-masas\/"},{"@type":"ListItem","position":4,"name":"Pan de nueces y ar\u00e1ndanos"}]},{"@type":"WebSite","@id":"https:\/\/www.vitamixespana.com\/recetas\/#website","url":"https:\/\/www.vitamixespana.com\/recetas\/","name":"Recetas Vitamix","description":"Recetas realizadas con Vitamix, la mejor batidora.","potentialAction":[{"@type":"SearchAction","target":{"@type":"EntryPoint","urlTemplate":"https:\/\/www.vitamixespana.com\/recetas\/?s={search_term_string}"},"query-input":{"@type":"PropertyValueSpecification","valueRequired":true,"valueName":"search_term_string"}}],"inLanguage":"es"},{"@type":"Person","@id":"https:\/\/www.vitamixespana.com\/recetas\/#\/schema\/person\/9d8af3bac991b88daf19dcf3de3ee640","name":"Vitamix","image":{"@type":"ImageObject","inLanguage":"es","@id":"https:\/\/www.vitamixespana.com\/recetas\/#\/schema\/person\/image\/","url":"https:\/\/secure.gravatar.com\/avatar\/544d3ac2e667f33d9f9ba512916125d2aa55c01a5d27c5f9d7ae94c56eb6cea7?s=96&d=mm&r=g","contentUrl":"https:\/\/secure.gravatar.com\/avatar\/544d3ac2e667f33d9f9ba512916125d2aa55c01a5d27c5f9d7ae94c56eb6cea7?s=96&d=mm&r=g","caption":"Vitamix"}}]}},"_links":{"self":[{"href":"https:\/\/www.vitamixespana.com\/recetas\/wp-json\/wp\/v2\/posts\/977","targetHints":{"allow":["GET"]}}],"collection":[{"href":"https:\/\/www.vitamixespana.com\/recetas\/wp-json\/wp\/v2\/posts"}],"about":[{"href":"https:\/\/www.vitamixespana.com\/recetas\/wp-json\/wp\/v2\/types\/post"}],"author":[{"embeddable":true,"href":"https:\/\/www.vitamixespana.com\/recetas\/wp-json\/wp\/v2\/users\/5"}],"replies":[{"embeddable":true,"href":"https:\/\/www.vitamixespana.com\/recetas\/wp-json\/wp\/v2\/comments?post=977"}],"version-history":[{"count":8,"href":"https:\/\/www.vitamixespana.com\/recetas\/wp-json\/wp\/v2\/posts\/977\/revisions"}],"predecessor-version":[{"id":5609,"href":"https:\/\/www.vitamixespana.com\/recetas\/wp-json\/wp\/v2\/posts\/977\/revisions\/5609"}],"wp:featuredmedia":[{"embeddable":true,"href":"https:\/\/www.vitamixespana.com\/recetas\/wp-json\/wp\/v2\/media\/5607"}],"wp:attachment":[{"href":"https:\/\/www.vitamixespana.com\/recetas\/wp-json\/wp\/v2\/media?parent=977"}],"wp:term":[{"taxonomy":"category","embeddable":true,"href":"https:\/\/www.vitamixespana.com\/recetas\/wp-json\/wp\/v2\/categories?post=977"},{"taxonomy":"post_tag","embeddable":true,"href":"https:\/\/www.vitamixespana.com\/recetas\/wp-json\/wp\/v2\/tags?post=977"}],"curies":[{"name":"wp","href":"https:\/\/api.w.org\/{rel}","templated":true}]}}